[{"@context":"https:\/\/schema.org\/","@type":"Blog","@id":"https:\/\/www.reaas.cz#Blog","headline":"Reaas","description":"\nKdy\u017e ztr\u00e1c\u00edte pevnou p\u016fdu pod nohama, na na\u0161\u00ed internetov\u00e9 str\u00e1nce v\u017edy zaru\u010den\u011b najdete stabilitu a z\u00edsk\u00e1te op\u011bt vytou\u017eenou pevnou p\u016fdu pod nohama.","url":"https:\/\/www.reaas.cz","hasPart":[{"@type":"Article","@id":"https:\/\/www.reaas.cz\/nechcete-mit-pri-stehovani-potize\/","headline":"Nechcete m\u00edt p\u0159i st\u011bhov\u00e1n\u00ed pot\u00ed\u017ee?","url":"https:\/\/www.reaas.cz\/nechcete-mit-pri-stehovani-potize\/","datePublished":"2026-01-04","dateModified":"2026-01-04","mainEntityOfPage":"https:\/\/www.reaas.cz\/nechcete-mit-pri-stehovani-potize\/","author":{"@type":"Person","@id":"https:\/\/www.reaas.cz\/author\/#Person","name":"","url":"https:\/\/www.reaas.cz\/author\/","identifier":1,"image":{"@type":"ImageObject","@id":"https:\/\/secure.gravatar.com\/avatar\/e5312f21b37eec0871f00feffaf403580ddf46c2d055479cc6723fb0100721f2?s=96&d=mm&r=g","url":"https:\/\/secure.gravatar.com\/avatar\/e5312f21b37eec0871f00feffaf403580ddf46c2d055479cc6723fb0100721f2?s=96&d=mm&r=g","height":96,"width":96}},"publisher":{"@type":"Organization","name":"reaas.cz","logo":{"@type":"ImageObject","@id":"\/logo.png","url":"\/logo.png","width":600,"height":60}},"image":{"@type":"ImageObject","@id":"https:\/\/www.reaas.cz\/wp-content\/uploads\/ssssssssss_10_10_10_10_2.jpg","url":"https:\/\/www.reaas.cz\/wp-content\/uploads\/ssssssssss_10_10_10_10_2.jpg","height":0,"width":0},"wordCount":603,"keywords":null},{"@type":"Article","@id":"https:\/\/www.reaas.cz\/prehledny-eshop\/","headline":"P\u0159ehledn\u00fd eshop","url":"https:\/\/www.reaas.cz\/prehledny-eshop\/","datePublished":"2025-12-26","dateModified":"2025-12-26","mainEntityOfPage":"https:\/\/www.reaas.cz\/prehledny-eshop\/","author":{"@type":"Person","@id":"https:\/\/www.reaas.cz\/author\/#Person","name":"","url":"https:\/\/www.reaas.cz\/author\/","identifier":1,"image":{"@type":"ImageObject","@id":"https:\/\/secure.gravatar.com\/avatar\/e5312f21b37eec0871f00feffaf403580ddf46c2d055479cc6723fb0100721f2?s=96&d=mm&r=g","url":"https:\/\/secure.gravatar.com\/avatar\/e5312f21b37eec0871f00feffaf403580ddf46c2d055479cc6723fb0100721f2?s=96&d=mm&r=g","height":96,"width":96}},"publisher":{"@type":"Organization","name":"reaas.cz","logo":{"@type":"ImageObject","@id":"\/logo.png","url":"\/logo.png","width":600,"height":60}},"image":{"@type":"ImageObject","@id":"https:\/\/www.reaas.cz\/wp-content\/uploads\/architecture-1852906_640_8.jpg","url":"https:\/\/www.reaas.cz\/wp-content\/uploads\/architecture-1852906_640_8.jpg","height":0,"width":0},"wordCount":500,"keywords":null},{"@type":"Article","@id":"https:\/\/www.reaas.cz\/tanec-je-neco-fantastickeho\/","headline":"Tanec je n\u011bco fantastick\u00e9ho","url":"https:\/\/www.reaas.cz\/tanec-je-neco-fantastickeho\/","datePublished":"2025-12-02","dateModified":"2025-12-02","mainEntityOfPage":"https:\/\/www.reaas.cz\/tanec-je-neco-fantastickeho\/","author":{"@type":"Person","@id":"https:\/\/www.reaas.cz\/author\/#Person","name":"","url":"https:\/\/www.reaas.cz\/author\/","identifier":1,"image":{"@type":"ImageObject","@id":"https:\/\/secure.gravatar.com\/avatar\/e5312f21b37eec0871f00feffaf403580ddf46c2d055479cc6723fb0100721f2?s=96&d=mm&r=g","url":"https:\/\/secure.gravatar.com\/avatar\/e5312f21b37eec0871f00feffaf403580ddf46c2d055479cc6723fb0100721f2?s=96&d=mm&r=g","height":96,"width":96}},"publisher":{"@type":"Organization","name":"reaas.cz","logo":{"@type":"ImageObject","@id":"\/logo.png","url":"\/logo.png","width":600,"height":60}},"image":{"@type":"ImageObject","@id":"https:\/\/www.reaas.cz\/wp-content\/uploads\/ball-4666913_640_10_10_9.jpg","url":"https:\/\/www.reaas.cz\/wp-content\/uploads\/ball-4666913_640_10_10_9.jpg","height":0,"width":0},"wordCount":624,"keywords":null},{"@type":"Article","@id":"https:\/\/www.reaas.cz\/nekdy-neni-podnikani-ziskove\/","headline":"N\u011bkdy nen\u00ed podnik\u00e1n\u00ed ziskov\u00e9","url":"https:\/\/www.reaas.cz\/nekdy-neni-podnikani-ziskove\/","datePublished":"2025-11-12","dateModified":"2025-11-12","mainEntityOfPage":"https:\/\/www.reaas.cz\/nekdy-neni-podnikani-ziskove\/","author":{"@type":"Person","@id":"https:\/\/www.reaas.cz\/author\/#Person","name":"","url":"https:\/\/www.reaas.cz\/author\/","identifier":1,"image":{"@type":"ImageObject","@id":"https:\/\/secure.gravatar.com\/avatar\/e5312f21b37eec0871f00feffaf403580ddf46c2d055479cc6723fb0100721f2?s=96&d=mm&r=g","url":"https:\/\/secure.gravatar.com\/avatar\/e5312f21b37eec0871f00feffaf403580ddf46c2d055479cc6723fb0100721f2?s=96&d=mm&r=g","height":96,"width":96}},"publisher":{"@type":"Organization","name":"reaas.cz","logo":{"@type":"ImageObject","@id":"\/logo.png","url":"\/logo.png","width":600,"height":60}},"image":{"@type":"ImageObject","@id":"https:\/\/www.reaas.cz\/wp-content\/uploads\/pppppppppppppppppppppppp_10_10_10_10.jpg","url":"https:\/\/www.reaas.cz\/wp-content\/uploads\/pppppppppppppppppppppppp_10_10_10_10.jpg","height":0,"width":0},"wordCount":608,"keywords":null},{"@type":"Article","@id":"https:\/\/www.reaas.cz\/sklenene-zabradli-na-balkonech-terasach-a-lodziich-jako-prakticky-i-dekorativni-prvek\/","headline":"Sklen\u011bn\u00e9 z\u00e1bradl\u00ed na balkonech, teras\u00e1ch a lod\u017ei\u00edch jako praktick\u00fd i dekorativn\u00ed prvek","url":"https:\/\/www.reaas.cz\/sklenene-zabradli-na-balkonech-terasach-a-lodziich-jako-prakticky-i-dekorativni-prvek\/","datePublished":"2025-11-09","dateModified":"2025-11-09","mainEntityOfPage":"https:\/\/www.reaas.cz\/sklenene-zabradli-na-balkonech-terasach-a-lodziich-jako-prakticky-i-dekorativni-prvek\/","author":{"@type":"Person","@id":"https:\/\/www.reaas.cz\/author\/#Person","name":"","url":"https:\/\/www.reaas.cz\/author\/","identifier":1,"image":{"@type":"ImageObject","@id":"https:\/\/secure.gravatar.com\/avatar\/e5312f21b37eec0871f00feffaf403580ddf46c2d055479cc6723fb0100721f2?s=96&d=mm&r=g","url":"https:\/\/secure.gravatar.com\/avatar\/e5312f21b37eec0871f00feffaf403580ddf46c2d055479cc6723fb0100721f2?s=96&d=mm&r=g","height":96,"width":96}},"publisher":{"@type":"Organization","name":"reaas.cz","logo":{"@type":"ImageObject","@id":"\/logo.png","url":"\/logo.png","width":600,"height":60}},"image":{"@type":"ImageObject","@id":"https:\/\/www.reaas.cz\/wp-content\/uploads\/staircase-9848735_640_1.jpg","url":"https:\/\/www.reaas.cz\/wp-content\/uploads\/staircase-9848735_640_1.jpg","height":0,"width":0},"wordCount":523,"keywords":null},{"@type":"Article","@id":"https:\/\/www.reaas.cz\/nove-plastove-dvere-na-balkon\/","headline":"Nov\u00e9 plastov\u00e9 dve\u0159e na balkon","url":"https:\/\/www.reaas.cz\/nove-plastove-dvere-na-balkon\/","datePublished":"2025-10-15","dateModified":"2025-10-15","mainEntityOfPage":"https:\/\/www.reaas.cz\/nove-plastove-dvere-na-balkon\/","author":{"@type":"Person","@id":"https:\/\/www.reaas.cz\/author\/#Person","name":"","url":"https:\/\/www.reaas.cz\/author\/","identifier":1,"image":{"@type":"ImageObject","@id":"https:\/\/secure.gravatar.com\/avatar\/e5312f21b37eec0871f00feffaf403580ddf46c2d055479cc6723fb0100721f2?s=96&d=mm&r=g","url":"https:\/\/secure.gravatar.com\/avatar\/e5312f21b37eec0871f00feffaf403580ddf46c2d055479cc6723fb0100721f2?s=96&d=mm&r=g","height":96,"width":96}},"publisher":{"@type":"Organization","name":"reaas.cz","logo":{"@type":"ImageObject","@id":"\/logo.png","url":"\/logo.png","width":600,"height":60}},"image":{"@type":"ImageObject","@id":"https:\/\/www.reaas.cz\/wp-content\/uploads\/prefabricated-house-930190_640_10_10_10.jpg","url":"https:\/\/www.reaas.cz\/wp-content\/uploads\/prefabricated-house-930190_640_10_10_10.jpg","height":0,"width":0},"wordCount":632,"keywords":null},{"@type":"Article","@id":"https:\/\/www.reaas.cz\/vylet-do-ceskych-budejovic\/","headline":"V\u00fdlet do \u010cesk\u00fdch Bud\u011bjovic","url":"https:\/\/www.reaas.cz\/vylet-do-ceskych-budejovic\/","datePublished":"2025-10-02","dateModified":"2025-10-02","mainEntityOfPage":"https:\/\/www.reaas.cz\/vylet-do-ceskych-budejovic\/","author":{"@type":"Person","@id":"https:\/\/www.reaas.cz\/author\/#Person","name":"","url":"https:\/\/www.reaas.cz\/author\/","identifier":1,"image":{"@type":"ImageObject","@id":"https:\/\/secure.gravatar.com\/avatar\/e5312f21b37eec0871f00feffaf403580ddf46c2d055479cc6723fb0100721f2?s=96&d=mm&r=g","url":"https:\/\/secure.gravatar.com\/avatar\/e5312f21b37eec0871f00feffaf403580ddf46c2d055479cc6723fb0100721f2?s=96&d=mm&r=g","height":96,"width":96}},"publisher":{"@type":"Organization","name":"reaas.cz","logo":{"@type":"ImageObject","@id":"\/logo.png","url":"\/logo.png","width":600,"height":60}},"image":{"@type":"ImageObject","@id":"https:\/\/www.reaas.cz\/wp-content\/uploads\/sports-2634431_640_8.jpg","url":"https:\/\/www.reaas.cz\/wp-content\/uploads\/sports-2634431_640_8.jpg","height":0,"width":0},"wordCount":553,"keywords":null},{"@type":"Article","@id":"https:\/\/www.reaas.cz\/kam-ukladat-penize\/","headline":"Kam ukl\u00e1dat pen\u00edze?","url":"https:\/\/www.reaas.cz\/kam-ukladat-penize\/","datePublished":"2025-08-21","dateModified":"2025-08-21","mainEntityOfPage":"https:\/\/www.reaas.cz\/kam-ukladat-penize\/","author":{"@type":"Person","@id":"https:\/\/www.reaas.cz\/author\/#Person","name":"","url":"https:\/\/www.reaas.cz\/author\/","identifier":1,"image":{"@type":"ImageObject","@id":"https:\/\/secure.gravatar.com\/avatar\/e5312f21b37eec0871f00feffaf403580ddf46c2d055479cc6723fb0100721f2?s=96&d=mm&r=g","url":"https:\/\/secure.gravatar.com\/avatar\/e5312f21b37eec0871f00feffaf403580ddf46c2d055479cc6723fb0100721f2?s=96&d=mm&r=g","height":96,"width":96}},"publisher":{"@type":"Organization","name":"reaas.cz","logo":{"@type":"ImageObject","@id":"\/logo.png","url":"\/logo.png","width":600,"height":60}},"image":{"@type":"ImageObject","@id":"https:\/\/www.reaas.cz\/wp-content\/uploads\/euro-163475_640_10_10_10_10_6.jpg","url":"https:\/\/www.reaas.cz\/wp-content\/uploads\/euro-163475_640_10_10_10_10_6.jpg","height":0,"width":0},"wordCount":551,"keywords":null},{"@type":"Article","@id":"https:\/\/www.reaas.cz\/pro-jake-oslavy-se-muze-hodit-party-stan\/","headline":"Pro jak\u00e9 oslavy se m\u016f\u017ee hodit party stan","url":"https:\/\/www.reaas.cz\/pro-jake-oslavy-se-muze-hodit-party-stan\/","datePublished":"2025-08-05","dateModified":"2025-08-05","mainEntityOfPage":"https:\/\/www.reaas.cz\/pro-jake-oslavy-se-muze-hodit-party-stan\/","author":{"@type":"Person","@id":"https:\/\/www.reaas.cz\/author\/#Person","name":"","url":"https:\/\/www.reaas.cz\/author\/","identifier":1,"image":{"@type":"ImageObject","@id":"https:\/\/secure.gravatar.com\/avatar\/e5312f21b37eec0871f00feffaf403580ddf46c2d055479cc6723fb0100721f2?s=96&d=mm&r=g","url":"https:\/\/secure.gravatar.com\/avatar\/e5312f21b37eec0871f00feffaf403580ddf46c2d055479cc6723fb0100721f2?s=96&d=mm&r=g","height":96,"width":96}},"publisher":{"@type":"Organization","name":"reaas.cz","logo":{"@type":"ImageObject","@id":"\/logo.png","url":"\/logo.png","width":600,"height":60}},"image":{"@type":"ImageObject","@id":"https:\/\/www.reaas.cz\/wp-content\/uploads\/cake-3946227_640_1.jpg","url":"https:\/\/www.reaas.cz\/wp-content\/uploads\/cake-3946227_640_1.jpg","height":0,"width":0},"wordCount":648,"keywords":null},{"@type":"Article","@id":"https:\/\/www.reaas.cz\/jak-snizit-spotrebu-vody\/","headline":"Jak sn\u00ed\u017eit spot\u0159ebu vody","url":"https:\/\/www.reaas.cz\/jak-snizit-spotrebu-vody\/","datePublished":"2025-07-11","dateModified":"2025-07-11","mainEntityOfPage":"https:\/\/www.reaas.cz\/jak-snizit-spotrebu-vody\/","author":{"@type":"Person","@id":"https:\/\/www.reaas.cz\/author\/#Person","name":"","url":"https:\/\/www.reaas.cz\/author\/","identifier":1,"image":{"@type":"ImageObject","@id":"https:\/\/secure.gravatar.com\/avatar\/e5312f21b37eec0871f00feffaf403580ddf46c2d055479cc6723fb0100721f2?s=96&d=mm&r=g","url":"https:\/\/secure.gravatar.com\/avatar\/e5312f21b37eec0871f00feffaf403580ddf46c2d055479cc6723fb0100721f2?s=96&d=mm&r=g","height":96,"width":96}},"publisher":{"@type":"Organization","name":"reaas.cz","logo":{"@type":"ImageObject","@id":"\/logo.png","url":"\/logo.png","width":600,"height":60}},"image":{"@type":"ImageObject","@id":"https:\/\/www.reaas.cz\/wp-content\/uploads\/faucet-3240211_640_7.jpg","url":"https:\/\/www.reaas.cz\/wp-content\/uploads\/faucet-3240211_640_7.jpg","height":0,"width":0},"wordCount":602,"keywords":null}]},{"@context":"https:\/\/schema.org","@type":"WebSite","@id":"https:\/\/www.reaas.cz\/#website","name":"Reaas","url":"https:\/\/www.reaas.cz","potentialAction":{"@type":"SearchAction","target":"https:\/\/www.reaas.cz\/?s={search_term_string}","query-input":"required name=search_term_string"}}]