[{"@context":"https:\/\/schema.org\/","@type":"Article","@id":"https:\/\/www.reaas.cz\/autopujcovna-byla-resenim\/#Article","mainEntityOfPage":"https:\/\/www.reaas.cz\/autopujcovna-byla-resenim\/","headline":"Autop\u016fj\u010dovna byla \u0159e\u0161en\u00edm","name":"Autop\u016fj\u010dovna byla \u0159e\u0161en\u00edm","description":"Nejd\u0159\u00edve mus\u00edm vysv\u011btlit, co m\u011b vedlo k tomu, abych si zap\u016fj\u010dil osobn\u00ed automobil. Podnik\u00e1m ve stavebnictv\u00ed. Situace na trhu nen\u00ed jednoduch\u00e1, a j\u00e1, respektive m\u00e1 &hellip; ","datePublished":"2022-03-24","dateModified":"2023-05-03","author":{"@type":"Person","@id":"https:\/\/www.reaas.cz\/author\/#Person","name":"","url":"https:\/\/www.reaas.cz\/author\/","identifier":1,"image":{"@type":"ImageObject","@id":"https:\/\/secure.gravatar.com\/avatar\/e5312f21b37eec0871f00feffaf403580ddf46c2d055479cc6723fb0100721f2?s=96&d=mm&r=g","url":"https:\/\/secure.gravatar.com\/avatar\/e5312f21b37eec0871f00feffaf403580ddf46c2d055479cc6723fb0100721f2?s=96&d=mm&r=g","height":96,"width":96}},"publisher":{"@type":"Organization","name":"reaas.cz","logo":{"@type":"ImageObject","@id":"\/logo.png","url":"\/logo.png","width":600,"height":60}},"image":{"@type":"ImageObject","@id":"https:\/\/www.reaas.cz\/wp-content\/uploads\/speedometer-g68129ede2_1920.jpg","url":"https:\/\/www.reaas.cz\/wp-content\/uploads\/speedometer-g68129ede2_1920.jpg","height":0,"width":0},"url":"https:\/\/www.reaas.cz\/autopujcovna-byla-resenim\/","about":["Business"],"wordCount":415,"articleBody":"   Nejd\u0159\u00edve mus\u00edm vysv\u011btlit, co m\u011b vedlo k tomu, abych si zap\u016fj\u010dil osobn\u00ed automobil. Podnik\u00e1m ve stavebnictv\u00ed. Situace na trhu nen\u00ed jednoduch\u00e1, a j\u00e1, respektive m\u00e1 firma \u0159e\u0161ila prozat\u00edm jen mal\u00e9 zak\u00e1zky. Tam postavit z\u00e1kladovou desku, tomu zase prov\u00e9st rekonstrukci interi\u00e9ru, i n\u011bjak\u00e9 havarijn\u00ed situace jsme \u0159e\u0161ili. Firma sice \u017eila, ale o n\u011bjak\u00e9m markantn\u00edm rozvoji se mluvit nedalo. Sp\u00ed\u0161e to bylo jak\u00e9si z\u00edsk\u00e1v\u00e1n\u00ed zku\u0161enost\u00ed. A opravdu, nebyla snad pr\u00e1ce \u010di probl\u00e9m, se kter\u00fdm bychom si neporadili.Ve\u0161ker\u00e9 vyd\u011blan\u00e9 pen\u00edze jsem investoval do vybaven\u00ed firmy i do lid\u00ed. S\u00e1m jsem doposud jezdil sta\u0159i\u010dkou Felicii a n\u011bjak mi ani nep\u0159i\u0161lo, \u017ee by tomu m\u011blo b\u00fdt z n\u011bjak\u00e9ho d\u016fvodu jinak. Jezdit jezdila, d\u00edky tomu, \u017ee to byl komb\u00edk, i n\u011bjak\u00fd ten n\u00e1klad odvezla. Za ty roky utrp\u011bla nejeden \u0161r\u00e1m a m\u011b bylo jasn\u00e9, \u017ee kdy\u017e se jednou zastav\u00ed, nem\u00e1 smysl ji nijak resuscitovat.Jen\u017ee nyn\u00ed m\u00e1m jet na p\u0159ed\u00e1n\u00ed staveni\u0161t\u011b. Vyhr\u00e1l jsem toti\u017e zak\u00e1zku na stavbu n\u011bkolika rodinn\u00fdch dom\u016f v takov\u00e9 nov\u011b vznikl\u00e9 kolonii. M\u011bla to b\u00fdt do jist\u00e9 m\u00edry slavnostn\u00ed akce, kde se sejdou v\u0161ichni investo\u0159i, z\u00e1stupci \u00fa\u0159ad\u016f a v\u016fbec spousta lid\u00ed co n\u011bco v na\u0161em m\u011bst\u011b znamenaj\u00ed. Pochopil jsem, \u017ee mezi tuto honoraci se nem\u016f\u017eu p\u0159i\u0159\u00edtit v polorozpadl\u00e9 Felicii. S d\u016fv\u011brou investor\u016f by mohl b\u00fdt tak\u00e9 konec.Rozhodl jsem se proto p\u016fj\u010dit si, alespo\u0148 na tuto ud\u00e1lost, trochu reprezentativn\u011bj\u0161\u00ed auto. Nebo sp\u00ed\u0161e auto, kter\u00e9 bude modern\u00ed a hezk\u00e9, ale zase se nebude nijak vymykat b\u011b\u017en\u00e9mu vozov\u00e9mu parku. Ono to s d\u016fv\u011brou lid\u00ed je o\u0161idn\u00e9. Nev\u011b\u0159\u00ed lidem, co \u017eij\u00ed \u00fasporn\u011b a ti, co si u\u017e\u00edvaj\u00ed luxusu, jsou jim p\u0159inejmen\u0161\u00edm podez\u0159el\u00ed.Autop\u016fj\u010dovna Praha mi vyt\u00e1hla trn z paty. Nab\u00eddli mi kr\u00e1snou \u0160kodu Octavii combi III, kter\u00e1 se mi zd\u00e1la pro m\u016fj \u00fa\u010del ide\u00e1ln\u00ed. P\u016fj\u010dovn\u00e9 nebylo nijak vysok\u00e9, tak\u017ee jsem si ji p\u016fj\u010dil hned na v\u00edce dn\u00ed, abych po v\u0161\u00ed t\u00e9 sl\u00e1v\u011b je\u0161t\u011b vyvezl rodinu na spole\u010dn\u00fd v\u00fdlet. Ur\u010dit\u011b si to zaslou\u017eila.                                                                                                                                                                                                                                                                                                                                                                                          4.5\/5 - (4 votes)        "},{"@context":"https:\/\/schema.org\/","@type":"BreadcrumbList","itemListElement":[{"@type":"ListItem","position":1,"name":"Autop\u016fj\u010dovna byla \u0159e\u0161en\u00edm","item":"https:\/\/www.reaas.cz\/autopujcovna-byla-resenim\/#breadcrumbitem"}]}]