{"@context":"https:\/\/schema.org\/","@type":"CollectionPage","@id":"https:\/\/www.reaas.cz\/bydleni\/#CollectionPage","headline":"Bydlen\u00ed Category","description":"","url":"https:\/\/www.reaas.cz\/bydleni\/","hasPart":[{"@type":"Article","@id":"https:\/\/www.reaas.cz\/a-jak-bydlite-vy\/","headline":"A jak bydl\u00edte vy?","url":"https:\/\/www.reaas.cz\/a-jak-bydlite-vy\/","datePublished":"2021-12-19","dateModified":"2023-05-09","mainEntityOfPage":"https:\/\/www.reaas.cz\/a-jak-bydlite-vy\/","author":{"@type":"Person","@id":"https:\/\/www.reaas.cz\/author\/#Person","name":"","url":"https:\/\/www.reaas.cz\/author\/","identifier":1,"image":{"@type":"ImageObject","@id":"https:\/\/secure.gravatar.com\/avatar\/e5312f21b37eec0871f00feffaf403580ddf46c2d055479cc6723fb0100721f2?s=96&d=mm&r=g","url":"https:\/\/secure.gravatar.com\/avatar\/e5312f21b37eec0871f00feffaf403580ddf46c2d055479cc6723fb0100721f2?s=96&d=mm&r=g","height":96,"width":96}},"publisher":{"@type":"Organization","name":"reaas.cz","logo":{"@type":"ImageObject","@id":"\/logo.png","url":"\/logo.png","width":600,"height":60}},"image":{"@type":"ImageObject","@id":"https:\/\/www.reaas.cz\/wp-content\/uploads\/%C5%A1pinav%C3%A1%20voda_1.jpg","url":"https:\/\/www.reaas.cz\/wp-content\/uploads\/%C5%A1pinav%C3%A1%20voda_1.jpg","height":0,"width":0},"keywords":null},{"@type":"Article","@id":"https:\/\/www.reaas.cz\/zero-waste-soucasny-trend-nebo-nutna-budoucnost\/","headline":"Zero waste. Sou\u010dasn\u00fd trend nebo nutn\u00e1 budoucnost?","url":"https:\/\/www.reaas.cz\/zero-waste-soucasny-trend-nebo-nutna-budoucnost\/","datePublished":"2018-11-25","dateModified":"2023-05-03","mainEntityOfPage":"https:\/\/www.reaas.cz\/zero-waste-soucasny-trend-nebo-nutna-budoucnost\/","author":{"@type":"Person","@id":"https:\/\/www.reaas.cz\/author\/#Person","name":"","url":"https:\/\/www.reaas.cz\/author\/","identifier":1,"image":{"@type":"ImageObject","@id":"https:\/\/secure.gravatar.com\/avatar\/e5312f21b37eec0871f00feffaf403580ddf46c2d055479cc6723fb0100721f2?s=96&d=mm&r=g","url":"https:\/\/secure.gravatar.com\/avatar\/e5312f21b37eec0871f00feffaf403580ddf46c2d055479cc6723fb0100721f2?s=96&d=mm&r=g","height":96,"width":96}},"publisher":{"@type":"Organization","name":"reaas.cz","logo":{"@type":"ImageObject","@id":"\/logo.png","url":"\/logo.png","width":600,"height":60}},"image":{"@type":"ImageObject","@id":"https:\/\/www.reaas.cz\/wp-content\/uploads\/img_a335035_w2797_t1548440066.jpg","url":"https:\/\/www.reaas.cz\/wp-content\/uploads\/img_a335035_w2797_t1548440066.jpg","height":0,"width":0},"keywords":null},{"@type":"Article","@id":"https:\/\/www.reaas.cz\/technologie-vhodna-pro-vsechny-moderni-domacnosti\/","headline":"Technologie vhodn\u00e1 pro v\u0161echny modern\u00ed dom\u00e1cnosti","url":"https:\/\/www.reaas.cz\/technologie-vhodna-pro-vsechny-moderni-domacnosti\/","datePublished":"2018-07-05","dateModified":"2023-05-03","mainEntityOfPage":"https:\/\/www.reaas.cz\/technologie-vhodna-pro-vsechny-moderni-domacnosti\/","author":{"@type":"Person","@id":"https:\/\/www.reaas.cz\/author\/#Person","name":"","url":"https:\/\/www.reaas.cz\/author\/","identifier":1,"image":{"@type":"ImageObject","@id":"https:\/\/secure.gravatar.com\/avatar\/e5312f21b37eec0871f00feffaf403580ddf46c2d055479cc6723fb0100721f2?s=96&d=mm&r=g","url":"https:\/\/secure.gravatar.com\/avatar\/e5312f21b37eec0871f00feffaf403580ddf46c2d055479cc6723fb0100721f2?s=96&d=mm&r=g","height":96,"width":96}},"publisher":{"@type":"Organization","name":"reaas.cz","logo":{"@type":"ImageObject","@id":"\/logo.png","url":"\/logo.png","width":600,"height":60}},"image":{"@type":"ImageObject","@id":"https:\/\/www.reaas.cz\/wp-content\/uploads\/img_a321844_w2240_t1533069058.jpg","url":"https:\/\/www.reaas.cz\/wp-content\/uploads\/img_a321844_w2240_t1533069058.jpg","height":0,"width":0},"keywords":null},{"@type":"Article","@id":"https:\/\/www.reaas.cz\/opustte-mesto-a-vyrazte-do-mobilni-drevostavby-za-cerstvym-vzduchem-na-venkov\/","headline":"Opus\u0165te m\u011bsto a vyrazte do mobiln\u00ed d\u0159evostavby za \u010derstv\u00fdm vzduchem na venkov","url":"https:\/\/www.reaas.cz\/opustte-mesto-a-vyrazte-do-mobilni-drevostavby-za-cerstvym-vzduchem-na-venkov\/","datePublished":"2018-02-15","dateModified":"2023-05-03","mainEntityOfPage":"https:\/\/www.reaas.cz\/opustte-mesto-a-vyrazte-do-mobilni-drevostavby-za-cerstvym-vzduchem-na-venkov\/","author":{"@type":"Person","@id":"https:\/\/www.reaas.cz\/author\/#Person","name":"","url":"https:\/\/www.reaas.cz\/author\/","identifier":1,"image":{"@type":"ImageObject","@id":"https:\/\/secure.gravatar.com\/avatar\/e5312f21b37eec0871f00feffaf403580ddf46c2d055479cc6723fb0100721f2?s=96&d=mm&r=g","url":"https:\/\/secure.gravatar.com\/avatar\/e5312f21b37eec0871f00feffaf403580ddf46c2d055479cc6723fb0100721f2?s=96&d=mm&r=g","height":96,"width":96}},"publisher":{"@type":"Organization","name":"reaas.cz","logo":{"@type":"ImageObject","@id":"\/logo.png","url":"\/logo.png","width":600,"height":60}},"image":{"@type":"ImageObject","@id":"https:\/\/www.reaas.cz\/wp-content\/uploads\/img_a311829_w2445_t1522922203.png","url":"https:\/\/www.reaas.cz\/wp-content\/uploads\/img_a311829_w2445_t1522922203.png","height":0,"width":0},"keywords":null}]}