[{"@context":"https:\/\/schema.org\/","@type":"Article","@id":"https:\/\/www.reaas.cz\/jak-rychle-se-ujaly-v-nasich-domacnostech-led-zarovky-e27\/#Article","mainEntityOfPage":"https:\/\/www.reaas.cz\/jak-rychle-se-ujaly-v-nasich-domacnostech-led-zarovky-e27\/","headline":"Jak rychle se ujaly v na\u0161ich dom\u00e1cnostech LED \u017e\u00e1rovky E27","name":"Jak rychle se ujaly v na\u0161ich dom\u00e1cnostech LED \u017e\u00e1rovky E27","description":"Kde nejv\u00edce sv\u00edt\u00edme Zaj\u00edmav\u00e9 je zji\u0161t\u011bn\u00ed, kde se nejv\u00edce v dom\u00e1cnostech sv\u00edt\u00ed. Nap\u0159\u00edklad v seversk\u00fdch zem\u00edch je to p\u0159edev\u0161\u00edm lo\u017enice, koupelna, p\u0159eds\u00ed\u0148 a kuchyn\u011b. Je &hellip; ","datePublished":"2019-02-08","dateModified":"2023-05-03","author":{"@type":"Person","@id":"https:\/\/www.reaas.cz\/author\/#Person","name":"","url":"https:\/\/www.reaas.cz\/author\/","identifier":1,"image":{"@type":"ImageObject","@id":"https:\/\/secure.gravatar.com\/avatar\/e5312f21b37eec0871f00feffaf403580ddf46c2d055479cc6723fb0100721f2?s=96&d=mm&r=g","url":"https:\/\/secure.gravatar.com\/avatar\/e5312f21b37eec0871f00feffaf403580ddf46c2d055479cc6723fb0100721f2?s=96&d=mm&r=g","height":96,"width":96}},"publisher":{"@type":"Organization","name":"reaas.cz","logo":{"@type":"ImageObject","@id":"\/logo.png","url":"\/logo.png","width":600,"height":60}},"image":{"@type":"ImageObject","@id":"https:\/\/www.reaas.cz\/wp-content\/uploads\/img_a340833_w1743_t1553689507.jpg","url":"https:\/\/www.reaas.cz\/wp-content\/uploads\/img_a340833_w1743_t1553689507.jpg","height":0,"width":0},"url":"https:\/\/www.reaas.cz\/jak-rychle-se-ujaly-v-nasich-domacnostech-led-zarovky-e27\/","about":["V\u00fdrobky"],"wordCount":432,"articleBody":"        Kde nejv\u00edce sv\u00edt\u00edme Zaj\u00edmav\u00e9 je zji\u0161t\u011bn\u00ed, kde se nejv\u00edce v dom\u00e1cnostech sv\u00edt\u00ed. Nap\u0159\u00edklad v seversk\u00fdch zem\u00edch je to p\u0159edev\u0161\u00edm lo\u017enice, koupelna, p\u0159eds\u00ed\u0148 a kuchyn\u011b. Je zde m\u00e9n\u011b slune\u010dn\u00edho svitu a nej\u010dast\u011bji se rozsv\u011bc\u00ed v pr\u016fb\u011bhu roku p\u0159i obl\u00e9k\u00e1n\u00ed, p\u0159\u00edprav\u011b sn\u00eddan\u011b a ve\u010de\u0159e a p\u0159i obouv\u00e1n\u00ed. V \u010cesku jednozna\u010dn\u011b v\u00edt\u011bz\u00ed kuchyn\u011b a ob\u00fdvac\u00ed pokoj a nap\u0159. v It\u00e1lii je to hlavn\u011b lo\u017enice ve ve\u010dern\u00edch hodin\u00e1ch. V na\u0161\u00ed zemi se tedy vyplat\u00ed nasadit \u00fasporn\u00e9 sv\u011bteln\u00e9 zdroje pod\u00e9l kuchy\u0148sk\u00e9 linky (LED diodov\u00e9 p\u00e1sky a \u017e\u00e1rovky), u j\u00eddeln\u00edho stolu a v ob\u00fdvac\u00edm pokoji jako intimn\u00ed osv\u011btlen\u00ed rozm\u00edst\u011bn\u00e9 v r\u016fzn\u00fdch \u010d\u00e1stech m\u00edstnosti.   Jak\u00e1 je informovanost ve\u0159ejnosti P\u0159ed n\u011bkolika lety prob\u011bhl statistick\u00fd pr\u016fzkum, kter\u00fd oslovil p\u0159ibli\u017en\u011b osm stovek respondent\u016f. C\u00edlem bylo zjistit, jakou maj\u00ed lid\u00e9 v \u010cesku pov\u011bdomost o t\u011bchto typech sv\u011btel, a \u00faspo\u0159e, kterou p\u0159edstavuj\u00ed. Na pultech obchod\u016f se ji\u017e nesetk\u00e1te s klasickou \u017e\u00e1rovkou se \u017ehavic\u00edm vl\u00e1knem, ale mnoh\u00e9 z nich jsou st\u00e1le v n\u011bkter\u00fdch dom\u00e1cnostech v provozu, zvl\u00e1\u0161t\u011b v m\u00e9n\u011b frekventovan\u00fdch m\u00edstech.  V\u011bt\u0161ina respondent\u016f (v\u00edce ne\u017e 90 procent) odpov\u011bd\u011bla, \u017ee jsou dob\u0159e informov\u00e1ni, p\u0159esto jsou mnoz\u00ed lid\u00e9 odrazov\u00e1ni po\u0159izovac\u00edmi n\u00e1klady. To je v\u0161ak velice relativn\u00ed z\u00e1le\u017eitost, nebo\u0165 se celkov\u00e9 n\u00e1klady mus\u00ed v pr\u016fb\u011bhu roku skloubit se spot\u0159ebou elekt\u0159iny. Ta je u klasick\u00fdch \u017e\u00e1rovek n\u011bkolikan\u00e1sobn\u00e1 a vzhledem k enormn\u00ed \u017eivotnosti LED sv\u00edtidel je tento faktor naprosto z\u00e1sadn\u00ed.  Za deset LED \u017e\u00e1rovek E27 zaplat\u00edte p\u0159ibli\u017en\u011b 700 \u2013 1000 korun, ale za rok u\u0161et\u0159\u00edte na elektrick\u00e9 energii v\u00edce ne\u017e 3000 korun. \u017divotnost t\u011bchto zdroj\u016f se v\u0161ak nepo\u010d\u00edt\u00e1 na m\u011bs\u00edce, n\u00fdbr\u017e na roky, dnes se b\u011b\u017en\u011b prod\u00e1vaj\u00ed \u017e\u00e1rovky, kter\u00e9 spolehliv\u011b pracuj\u00ed i d\u00e9le ne\u017e deset let. V roce 2016 z dotazn\u00edku vyplynulo, \u017ee zhruba deset procent dom\u00e1cnost\u00ed st\u00e1le pou\u017e\u00edv\u00e1 wolframov\u00e9 \u017e\u00e1rovky jako hlavn\u00ed zdroj sv\u011btla. Tento trend je v\u0161ak klesaj\u00edc\u00ed a lid\u00e9 p\u0159i sou\u010dasn\u00fdch cen\u00e1ch elekt\u0159iny sleduj\u00ed i ekonomick\u00e9 ukazatele a sna\u017e\u00ed se u\u0161et\u0159it pr\u00e1v\u011b na jej\u00ed spot\u0159eb\u011b.                                                                                                                                                                                                                                                                                                                                                                                          3.2\/5 - (9 votes)        "},{"@context":"https:\/\/schema.org\/","@type":"BreadcrumbList","itemListElement":[{"@type":"ListItem","position":1,"name":"Jak rychle se ujaly v na\u0161ich dom\u00e1cnostech LED \u017e\u00e1rovky E27","item":"https:\/\/www.reaas.cz\/jak-rychle-se-ujaly-v-nasich-domacnostech-led-zarovky-e27\/#breadcrumbitem"}]}]