[{"@context":"https:\/\/schema.org\/","@type":"Article","@id":"https:\/\/www.reaas.cz\/les-nebo-mesto\/#Article","mainEntityOfPage":"https:\/\/www.reaas.cz\/les-nebo-mesto\/","headline":"Les nebo m\u011bsto?","name":"Les nebo m\u011bsto?","description":"Ona je to pravda, \u017ee n\u011bkdo prost\u011b lidi a m\u011bsta v\u016fbec nemus\u00ed. Prost\u011b se jim vyh\u00fdb\u00e1, se\u010d to jen jde. Ale v\u011bt\u0161ina lid\u00ed se r\u00e1do &hellip; ","datePublished":"2024-03-29","dateModified":"2024-03-29","author":{"@type":"Person","@id":"https:\/\/www.reaas.cz\/author\/#Person","name":"","url":"https:\/\/www.reaas.cz\/author\/","identifier":1,"image":{"@type":"ImageObject","@id":"https:\/\/secure.gravatar.com\/avatar\/e5312f21b37eec0871f00feffaf403580ddf46c2d055479cc6723fb0100721f2?s=96&d=mm&r=g","url":"https:\/\/secure.gravatar.com\/avatar\/e5312f21b37eec0871f00feffaf403580ddf46c2d055479cc6723fb0100721f2?s=96&d=mm&r=g","height":96,"width":96}},"publisher":{"@type":"Organization","name":"reaas.cz","logo":{"@type":"ImageObject","@id":"\/logo.png","url":"\/logo.png","width":600,"height":60}},"image":{"@type":"ImageObject","@id":"https:\/\/www.reaas.cz\/wp-content\/uploads\/madrid-3952068_640.jpg","url":"https:\/\/www.reaas.cz\/wp-content\/uploads\/madrid-3952068_640.jpg","height":0,"width":0},"url":"https:\/\/www.reaas.cz\/les-nebo-mesto\/","about":["Cestov\u00e1n\u00ed"],"wordCount":418,"articleBody":"Ona je to pravda, \u017ee n\u011bkdo prost\u011b lidi a m\u011bsta v\u016fbec nemus\u00ed. Prost\u011b se jim vyh\u00fdb\u00e1, se\u010d to jen jde. Ale v\u011bt\u0161ina lid\u00ed se r\u00e1do pod\u00edv\u00e1 i do m\u011bst, nebo vesni\u010dek, a sleduje cvrkot t\u0159eba tam. M\u016fj man\u017eel mi n\u011bkolikr\u00e1t vypr\u00e1v\u011bl z\u00e1\u017eitky ze sv\u00fdch mlad\u00fdch let, kdy s oblibou vyhled\u00e1val vesnick\u00e9 hosp\u016fdku a pou\u0161t\u011bl se do debat s m\u00edstn\u00edmi obyvateli. Tak se dov\u011bd\u011bl spoustu zaj\u00edmavost\u00ed nap\u0159\u00edklad o okol\u00ed, kter\u00e9 v map\u00e1ch nebyly a nejsou. Dnes je to ji\u017e bohu\u017eel pas\u00e9, proto\u017ee hosp\u016fdk\u00e1m na vesnici ji\u017e d\u00e1vno prad\u00e1vno d\u00edky tr\u017en\u00edmu kapitalismu odzvonilo. To, co kdysi bylo b\u011b\u017enou v\u011bc\u00ed n\u00e1m tento re\u017eim vzal a neodvratn\u011b poslal do \u0159\u00ed\u0161e bajek, nebo nostalgick\u00fdch vzpom\u00ednek.Nyn\u00ed se \u010dlov\u011bk v\u011bt\u0161inou \u0159\u00edd\u00ed mapou nebo pr\u016fvodci a podle nich vyhled\u00e1v\u00e1 zaj\u00edmavosti podle toho, co jej zaj\u00edm\u00e1 a bav\u00ed. N\u011bkoho bav\u00ed historie, jin\u00e9ho architektura, a tak ka\u017ed\u00fd vyhled\u00e1v\u00e1 n\u011bco podle okruhu toho co jej zaj\u00edm\u00e1. I kdy\u017e v\u00ed, \u017ee t\u0159eba tady mu p\u0161enka zrovna n\u011bjak moc nepokvete. Pokud nikdo nem\u00e1 vyhran\u011bn\u00fd z\u00e1jem, tak si mus\u00ed n\u011bco naj\u00edt. Nebo se prost\u011b jen tak potloukat a sledovat cvrkot. \u00a0Ka\u017ed\u00e9 v\u011bt\u0161\u00ed m\u011bsto m\u00e1 dnes informa\u010dn\u00ed st\u0159edisko i kdy\u017e up\u0159\u00edmn\u011b \u0159e\u010deno nev\u00edm k \u010demu. To, co v\u00e1m tam porad\u00ed \u010di \u0159eknou je snadno dostupn\u00e9 na internetu, nebo by to sta\u010dilo vytisknout na let\u00e1\u010dek \u010di podobn\u011b. V hodn\u011b m\u011bstech pl\u00e1\u010dou, \u017ee nemaj\u00ed pen\u00edze na to \u010di ono, ale v jejich informa\u010dn\u00edm st\u0159edisku se ok\u00e1zale nud\u00ed dv\u011b d\u00e1my. Zl\u00e9 jazyky hovo\u0159\u00ed o tom, \u017ee jsou to p\u0159\u00edbuzn\u00e9 n\u011bkoho z veden\u00ed m\u011bsta, v\u011bt\u0161inou starosty. Tedy, zl\u00e9 jazyky hovo\u0159ily. Nu\u017ee, a\u017e n\u011bkdy pojedete zase n\u011bkam na cesty, zkuste se zastavit v naslepo vytipovan\u00e9m m\u011bste\u010dku, nebo vesnici. Jen tak, nesledujte \u017e\u00e1dn\u00fd \u00fa\u010del. Berte to jako pomstu usp\u011bchan\u00e9 dob\u011b, kdy u\u017e \u010dlov\u011bk nem\u00e1 na nic \u010das. Mo\u017en\u00e1 v\u00e1s to kr\u00e1sn\u011b pozvedne na du\u0161i. Jalov\u00fdm \u0159e\u010dem zbyte\u010dn\u00e9m zdr\u017eov\u00e1n\u00ed nev\u011bnujte pozornost a kr\u00e1sn\u011b si to vychutnejte.\u00a0                                                                                                                                                                                                                                                                                                                                                                                        5\/5 - (5 votes)        "},{"@context":"https:\/\/schema.org\/","@type":"BreadcrumbList","itemListElement":[{"@type":"ListItem","position":1,"name":"Les nebo m\u011bsto?","item":"https:\/\/www.reaas.cz\/les-nebo-mesto\/#breadcrumbitem"}]}]