[{"@context":"https:\/\/schema.org\/","@type":"Article","@id":"https:\/\/www.reaas.cz\/migrena-utoci\/#Article","mainEntityOfPage":"https:\/\/www.reaas.cz\/migrena-utoci\/","headline":"Migr\u00e9na \u00fato\u010d\u00ed","name":"Migr\u00e9na \u00fato\u010d\u00ed","description":"Ta nesnesiteln\u00e1 siln\u00e1 bolest ta postihuje nejen \u010d\u00e1st hlavy, ale cel\u00e9 na\u0161e t\u011blo \u017een i mu\u017e\u016f. Trp\u011bt m\u016f\u017eeme nevolnost\u00ed a v nejhor\u0161\u00edm t\u0159eba ztr\u00e1c\u00edme i &hellip; ","datePublished":"2025-03-04","dateModified":"2023-05-03","author":{"@type":"Person","@id":"https:\/\/www.reaas.cz\/author\/#Person","name":"","url":"https:\/\/www.reaas.cz\/author\/","identifier":1,"image":{"@type":"ImageObject","@id":"https:\/\/secure.gravatar.com\/avatar\/e5312f21b37eec0871f00feffaf403580ddf46c2d055479cc6723fb0100721f2?s=96&d=mm&r=g","url":"https:\/\/secure.gravatar.com\/avatar\/e5312f21b37eec0871f00feffaf403580ddf46c2d055479cc6723fb0100721f2?s=96&d=mm&r=g","height":96,"width":96}},"publisher":{"@type":"Organization","name":"reaas.cz","logo":{"@type":"ImageObject","@id":"\/logo.png","url":"\/logo.png","width":600,"height":60}},"image":{"@type":"ImageObject","@id":"https:\/\/www.reaas.cz\/wp-content\/uploads\/img_a310739_w1918_t1521664887.jpg","url":"https:\/\/www.reaas.cz\/wp-content\/uploads\/img_a310739_w1918_t1521664887.jpg","height":0,"width":0},"url":"https:\/\/www.reaas.cz\/migrena-utoci\/","wordCount":451,"articleBody":"Ta nesnesiteln\u00e1 siln\u00e1 bolest ta postihuje nejen \u010d\u00e1st hlavy, ale cel\u00e9 na\u0161e t\u011blo \u017een i mu\u017e\u016f. Trp\u011bt m\u016f\u017eeme nevolnost\u00ed a v nejhor\u0161\u00edm t\u0159eba ztr\u00e1c\u00edme i v\u011bdom\u00ed. Mo\u017en\u00e1 v\u00edte, o \u010dem jsou tyto pouh\u00e1 slova. P\u0159ich\u00e1z\u00ed bu\u010f vlivem n\u011bjak\u00e9ho onemocn\u011bn\u00ed, hormon\u00e1ln\u00edch zm\u011bn nebo z psychick\u00fdch d\u016fvod\u016f. I pouh\u00fd stres v pracovn\u00edm nasazen\u00ed se na n\u00e1s \u201epodepisuje\u201c. Bohu\u017eel na migr\u00e9nu m\u00e1 vliv v\u00edce faktor\u016f. Dal\u0161\u00edm vyvol\u00e1vac\u00edm zdrojem m\u016f\u017ee b\u00fdt oby\u010dejn\u00fd parf\u00e9m nebo zm\u011bna po\u010das\u00ed. To tak\u00e9 m\u016f\u017ee m\u00edt souvislost se z\u00e1chvaty, a p\u0159esto nemus\u00edme b\u00fdt ani v\u00e1\u017en\u011b nemocn\u00ed. Je t\u011b\u017ek\u00e9 ur\u010dit p\u0159\u00ed\u010dinu. Jak s migr\u00e9nou m\u016f\u017eeme zato\u010dit a co n\u00e1m m\u016f\u017ee pomoci, kdy\u017e nezab\u00edr\u00e1 to z\u00e1kladn\u00ed, jako jsou studen\u00e9 obklady a klidn\u00e9 m\u00edsto pro odpo\u010d\u00edv\u00e1n\u00ed?\u00a0Siln\u00e9 l\u00e9ky\u2013 pokud m\u00e1me migr\u00e9ny, pova\u017eujeme za nutnost podstoupit d\u016fkladn\u00e9 vy\u0161et\u0159en\u00ed. T\u00edmto z\u00edsk\u00e1me siln\u00e9 l\u00e9ky, kter\u00e9 bolest skute\u010dn\u011b utlum\u00ed a p\u0159\u00edpadn\u011b zabr\u00e1n\u00ed dal\u0161\u00ed migr\u00e9n\u011b.\u00a0Bylinky\u2013 od na\u0161ich babi\u010dek v\u00edme, \u017ee bylinky jsou p\u0159\u00edrodn\u00ed z\u00e1zrak a \u010dasto jsou v\u0161echny jak\u00fdmsi pokladem. Proto i tady m\u016f\u017eeme vyu\u017e\u00edt zn\u00e1mou a obl\u00edbenou m\u00e1tu. D\u00e1le m\u016f\u017ee b\u00fdt n\u00e1pomocn\u00e1 dobromysl l\u00e9ka\u0159sk\u00e1 nebo i pouh\u00fd \u010daj ze z\u00e1zvoru.\u00a0Ho\u0159\u010d\u00edk\u2013 velmi ocen\u011bno m\u016f\u017ee b\u00fdt pod\u00e1n\u00ed oby\u010dejn\u00e9ho ho\u0159\u010d\u00edku, kter\u00fd u v\u011bt\u0161iny \u201eposti\u017een\u00fdch\u201c pr\u00e1v\u011b chyb\u00ed. V potravin\u00e1ch ho najdeme v d\u00fd\u0148ov\u00fdch sem\u00ednk\u00e1ch, v avok\u00e1du, v mandl\u00edch, v ban\u00e1nech a podobn\u011b.\u00a0Na\u0161e zdravotn\u00ed str\u00e1nka by m\u011bla b\u00fdt v\u017edy na prvn\u00edm m\u00edst\u011b.Proto pokud poci\u0165ujeme, \u017ee se n\u00e1\u0161 stav zhor\u0161uje nebo jsou bolesti hlavy a migr\u00e9ny \u010dast\u00e9, ur\u010dit\u011b nen\u00ed na \u0161kodu nav\u0161t\u00edvit l\u00e9ka\u0159e. Vy\u0161et\u0159en\u00ed nezabere tolik \u010dasu a budeme m\u00edt jistotu a p\u0159ehled o sv\u00e9m zdrav\u00ed. Nav\u00edc tak p\u0159edejdeme do budoucna dal\u0161\u00edm velk\u00fdm bolestem. Bu\u010fme pln\u00ed \u017eivota a nenechejme se touto nemoc\u00ed pohltit. \u017divot s migr\u00e9nou nen\u00ed lehk\u00fd a ka\u017ed\u00fdm dnem se m\u016f\u017ee znovu p\u0159ihl\u00e1sit. Varovn\u00fdm p\u0159\u00edkladem by mohla b\u00fdt n\u00e1hl\u00e1 \u00fanava, p\u0159\u00edpadn\u011b objeven\u00ed aury. Jde o jist\u00e9 z\u00e1blesky a k\u0159ivky p\u0159ed o\u010dima kdy dokonce spatn\u011b vid\u00edme.\u00a0                                                                                                                                                                                                                                                                                                                                                                                        4.3\/5 - (9 votes)        "},{"@context":"https:\/\/schema.org\/","@type":"BreadcrumbList","itemListElement":[{"@type":"ListItem","position":1,"name":"Migr\u00e9na \u00fato\u010d\u00ed","item":"https:\/\/www.reaas.cz\/migrena-utoci\/#breadcrumbitem"}]}]