[{"@context":"https:\/\/schema.org\/","@type":"Article","@id":"https:\/\/www.reaas.cz\/mohou-byt-obnovitelne-zdroje-energie-dostatecne\/#Article","mainEntityOfPage":"https:\/\/www.reaas.cz\/mohou-byt-obnovitelne-zdroje-energie-dostatecne\/","headline":"Mohou b\u00fdt obnoviteln\u00e9 zdroje energie dostate\u010dn\u00e9?","name":"Mohou b\u00fdt obnoviteln\u00e9 zdroje energie dostate\u010dn\u00e9?","description":"Za jeden z\u00a0hlavn\u00edch zne\u010di\u0161\u0165ovatel\u016f \u017eivotn\u00edho prost\u0159ed\u00ed jsou dlouhodob\u011b pova\u017eov\u00e1ny elektr\u00e1rny, p\u0159edev\u0161\u00edm pak ty uheln\u00e9. A a\u010dkoliv m\u00edra zne\u010di\u0161t\u011bn\u00ed, kter\u00e9 p\u016fsob\u00ed, byla zna\u010dn\u011b sn\u00ed\u017eena instalac\u00ed odsi\u0159ova\u010d\u016f &hellip; ","datePublished":"2024-04-27","dateModified":"2024-04-27","author":{"@type":"Person","@id":"https:\/\/www.reaas.cz\/author\/#Person","name":"","url":"https:\/\/www.reaas.cz\/author\/","identifier":1,"image":{"@type":"ImageObject","@id":"https:\/\/secure.gravatar.com\/avatar\/e5312f21b37eec0871f00feffaf403580ddf46c2d055479cc6723fb0100721f2?s=96&d=mm&r=g","url":"https:\/\/secure.gravatar.com\/avatar\/e5312f21b37eec0871f00feffaf403580ddf46c2d055479cc6723fb0100721f2?s=96&d=mm&r=g","height":96,"width":96}},"publisher":{"@type":"Organization","name":"reaas.cz","logo":{"@type":"ImageObject","@id":"\/logo.png","url":"\/logo.png","width":600,"height":60}},"image":{"@type":"ImageObject","@id":"https:\/\/www.reaas.cz\/wp-content\/uploads\/elektrina1_10_10_10_2.jpg","url":"https:\/\/www.reaas.cz\/wp-content\/uploads\/elektrina1_10_10_10_2.jpg","height":0,"width":0},"url":"https:\/\/www.reaas.cz\/mohou-byt-obnovitelne-zdroje-energie-dostatecne\/","about":["Elektro"],"wordCount":449,"articleBody":"Za jeden z\u00a0hlavn\u00edch zne\u010di\u0161\u0165ovatel\u016f \u017eivotn\u00edho prost\u0159ed\u00ed jsou dlouhodob\u011b pova\u017eov\u00e1ny elektr\u00e1rny, p\u0159edev\u0161\u00edm pak ty uheln\u00e9. A a\u010dkoliv m\u00edra zne\u010di\u0161t\u011bn\u00ed, kter\u00e9 p\u016fsob\u00ed, byla zna\u010dn\u011b sn\u00ed\u017eena instalac\u00ed odsi\u0159ova\u010d\u016f a nejr\u016fzn\u011bj\u0161\u00edch filtr\u016f, st\u00e1le do vzduchu vypou\u0161t\u00ed mnoh\u00e9 l\u00e1tky, zejm\u00e9na pak sklen\u00edkov\u00e9 plyny jako je oxid uhli\u010dit\u00fd. Ten se pak hromad\u00ed v\u00a0atmosf\u00e9\u0159e a zna\u010dn\u011b p\u0159isp\u00edv\u00e1 ke glob\u00e1ln\u00edm zm\u011bn\u00e1m klimatu. Nen\u00ed tedy divu, \u017ee se hledaj\u00ed jin\u00e9, ekologi\u010dt\u011bj\u0161\u00ed cesty, jak z\u00edskat elekt\u0159inu.\u00a0Jednou z\u00a0t\u011bch nej\u010dast\u011bji zmi\u0148ovan\u00fdch jsou takzvan\u00e9 obnoviteln\u00e9 zdroje energie. Jedn\u00e1 se o sol\u00e1rn\u00ed, v\u011btrn\u00e9 \u010di vodn\u00ed elektr\u00e1rny. V\u00a0\u0159ad\u011b zem\u00ed se dokonce pl\u00e1nuje, \u017ee by v\u00a0relativn\u011b bl\u00edzk\u00e9 budoucnosti m\u011bla valn\u00e1 v\u011bt\u0161ina elekt\u0159iny poch\u00e1zet pr\u00e1v\u011b z\u00a0t\u011bchto typ\u016f elektr\u00e1ren. Je v\u0161ak ot\u00e1zkou, do jak\u00e9 m\u00edry se m\u016f\u017eeme na tyto zdroje spol\u00e9hat.\u00a0\u00a0Jist\u011b, je pravdou, \u017ee na rozd\u00edl od uhl\u00ed jsou tyto z\u00a0lidsk\u00e9ho hlediska v\u00a0podstat\u011b nevy\u010derpateln\u00e9 \u2013 Slunce bude z\u00e1\u0159it je\u0161t\u011b p\u0159ibli\u017en\u011b p\u016fl miliardy let, a stejn\u011b tak zde bude foukat v\u00edtr a existovat kolob\u011bh vody. Dalo by se tedy \u0159\u00edci, \u017ee nen\u00ed d\u016fvod, pro\u010d bychom je nem\u011bli vyu\u017e\u00edt. Probl\u00e9m je v\u0161ak v\u00a0tom, \u017ee a\u010dkoliv jsou tyto zdroje st\u00e1l\u00e9, jsou z\u00e1rove\u0148 i nevyzpytateln\u00e9. Nap\u0159\u00edklad u uhl\u00ed m\u016f\u017eeme p\u0159esn\u011b ur\u010dit, kolik jej budeme v\u00a0danou dobu spalovat. Nem\u016f\u017eeme v\u0161ak v\u011btru \u0159\u00edci, jak siln\u011b m\u00e1 foukat.\u00a0\u00a0To se trochu ironicky pr\u00e1v\u011b s\u00a0ohledem na glob\u00e1ln\u00ed zm\u011bny klimatu st\u00e1v\u00e1 \u010d\u00edm d\u00e1l v\u011bt\u0161\u00edm probl\u00e9mem. Ta toti\u017e zp\u016fsobuje, \u017ee po\u010das\u00ed je \u010d\u00edm d\u00e1l extr\u00e9mn\u011bj\u0161\u00ed. Ov\u0161em elektr\u00e1rny pou\u017e\u00edvaj\u00edc\u00ed obnoviteln\u00e9 zdroje pot\u0159ebuj\u00ed stabiln\u00ed p\u0159\u00edsun \u2013 nap\u0159\u00edklad ty vodn\u00ed vy\u017eaduj\u00ed konstantn\u00ed proud, zat\u00edmco d\u00edky t\u011bmto zm\u011bn\u00e1m jsou v\u00a0l\u00e9t\u011b koryta skoro vyschl\u00e1, zat\u00edmco na ja\u0159e \u010di na podzim nast\u00e1vaj\u00ed povodn\u011b. \u017de ani jedna z\u00a0t\u011bchto situac\u00ed nen\u00ed ide\u00e1ln\u00ed, asi nen\u00ed t\u0159eba \u0159\u00edkat.\u00a0Proto je bohu\u017eel jasn\u00e9, \u017ee stav\u011bt elektrickou s\u00ed\u0165 jen a pouze na obnoviteln\u00fdch zdroj\u00edch nen\u00ed dobr\u00fd n\u00e1pad. V\u00a0sou\u010dasn\u00e9 dob\u011b se zkr\u00e1tka bez t\u011bch klasick\u00fdch neobejdeme, pokud chceme stabiln\u00ed p\u0159\u00edsun elekt\u0159iny \u2013 a bez toho si \u017eivot dnes ji\u017e nedok\u00e1\u017eeme p\u0159edstavit.                                                                                                                                                                                                                                                                                                                                                                                        3.4\/5 - (5 votes)        "},{"@context":"https:\/\/schema.org\/","@type":"BreadcrumbList","itemListElement":[{"@type":"ListItem","position":1,"name":"Mohou b\u00fdt obnoviteln\u00e9 zdroje energie dostate\u010dn\u00e9?","item":"https:\/\/www.reaas.cz\/mohou-byt-obnovitelne-zdroje-energie-dostatecne\/#breadcrumbitem"}]}]