[{"@context":"https:\/\/schema.org\/","@type":"Article","@id":"https:\/\/www.reaas.cz\/na-vltavu-mimo-hlavni-turistickou-sezonu\/#Article","mainEntityOfPage":"https:\/\/www.reaas.cz\/na-vltavu-mimo-hlavni-turistickou-sezonu\/","headline":"Na Vltavu mimo hlavn\u00ed turistickou sez\u00f3nu","name":"Na Vltavu mimo hlavn\u00ed turistickou sez\u00f3nu","description":"Vod\u00e1ci dob\u0159e v\u00ed, \u017ee se ka\u017ed\u00fd rok symbolicky odemykaj\u00ed a zamykaj\u00ed \u0159\u00ed\u010dn\u00ed toky, je to tradice, p\u0159etrv\u00e1vaj\u00edc\u00ed p\u00e1r des\u00edtek let a tyto akce b\u00fdvaj\u00ed spojen\u00e9 &hellip; ","datePublished":"2022-01-11","dateModified":"2023-05-03","author":{"@type":"Person","@id":"https:\/\/www.reaas.cz\/author\/#Person","name":"","url":"https:\/\/www.reaas.cz\/author\/","identifier":1,"image":{"@type":"ImageObject","@id":"https:\/\/secure.gravatar.com\/avatar\/e5312f21b37eec0871f00feffaf403580ddf46c2d055479cc6723fb0100721f2?s=96&d=mm&r=g","url":"https:\/\/secure.gravatar.com\/avatar\/e5312f21b37eec0871f00feffaf403580ddf46c2d055479cc6723fb0100721f2?s=96&d=mm&r=g","height":96,"width":96}},"publisher":{"@type":"Organization","name":"reaas.cz","logo":{"@type":"ImageObject","@id":"\/logo.png","url":"\/logo.png","width":600,"height":60}},"image":{"@type":"ImageObject","@id":"https:\/\/www.reaas.cz\/wp-content\/uploads\/river-3640574_640_1.jpg","url":"https:\/\/www.reaas.cz\/wp-content\/uploads\/river-3640574_640_1.jpg","height":0,"width":0},"url":"https:\/\/www.reaas.cz\/na-vltavu-mimo-hlavni-turistickou-sezonu\/","about":["Cestov\u00e1n\u00ed"],"wordCount":420,"articleBody":"Vod\u00e1ci dob\u0159e v\u00ed, \u017ee se ka\u017ed\u00fd rok symbolicky odemykaj\u00ed a zamykaj\u00ed \u0159\u00ed\u010dn\u00ed toky, je to tradice, p\u0159etrv\u00e1vaj\u00edc\u00ed p\u00e1r des\u00edtek let a tyto akce b\u00fdvaj\u00ed spojen\u00e9 s\u00a0reces\u00ed. Vod\u00e1ci se obl\u00e9kaj\u00ed do r\u016fzn\u00fdch p\u0159evlek\u016f, n\u011bkdy k\u00a0plavb\u011b vyu\u017e\u00edvaj\u00ed nostalgick\u00e1 \u010di netradi\u010dn\u00ed plavidla a je to zaj\u00edmav\u00e1 pod\u00edvan\u00e1 i pro okoln\u00ed pozorovatele.Kup\u0159\u00edkladu v\u00a0roce 2022 p\u0159ipad\u00e1 na odemyk\u00e1n\u00ed Vltavy \u0161estn\u00e1ct\u00fd duben, pluje se z\u00a0\u010cesk\u00e9ho Krumlova, resp. z\u00a0jeho p\u0159edm\u011bst\u00ed v\u00a0Domoradic\u00edch na Zlatou Korunu. Tento \u00fasek se vol\u00ed z\u00e1m\u011brn\u011b proto, \u017ee je tu p\u0159ehledn\u00e9 \u0159\u00ed\u010dn\u00ed koryto a \u00fasek nen\u00ed p\u0159ehrazen \u017e\u00e1dn\u00fdm jezem, t\u00edm p\u00e1dem plavba prob\u00edh\u00e1 plynule a pom\u011brn\u011b svi\u017en\u011b. V\u00a0polovin\u011b dubna tak\u00e9 nen\u00ed \u017e\u00e1dn\u00e9 extra teplo a voda je st\u00e1le je\u0161t\u011b po\u0159\u00e1dn\u011b studen\u00e1, a i kdy\u017e se mohou vod\u00e1ci navl\u00e9knout do neopren\u016f, nen\u00ed to jako v\u00a0l\u00e9t\u011b, za tropick\u00fdch t\u0159ic\u00edtek.Pokud je pro v\u00e1s tento term\u00edn p\u0159\u00edli\u0161 brzy a p\u0159ece jen m\u00e1te rad\u011bji teplej\u0161\u00ed po\u010das\u00ed, m\u016f\u017eete se po Vltav\u011b pustit sami v\u00a0jin\u00e9m \u010dase, a to i mimo hlavn\u00ed vod\u00e1ck\u00fd proud, kter\u00fd tu prob\u00edh\u00e1 v\u00a0\u010dervenci a v\u00a0srpnu. V\u00fdhodn\u00e9 je to zejm\u00e9na v\u00a0polovin\u011b \u010dervna, tehdy jsou tu polopr\u00e1zdn\u00e9 kempy, a podobn\u00e9 je to i posledn\u00ed t\u00fdden v\u00a0srpnu a prvn\u00ed t\u00fdden v\u00a0z\u00e1\u0159\u00ed \u2013 tehdy je st\u00e1le pom\u011brn\u011b velk\u00e9 teplo, i kdy\u017e b\u00fdvaj\u00ed ji\u017e docela chladn\u00e9 noci.M\u00e1te-li tedy nam\u00ed\u0159eno na Vltavu t\u0159eba v\u00a0\u010dervnu, za slune\u010dn\u00e9ho po\u010das\u00ed, ide\u00e1ln\u00ed je za\u010d\u00edt ve Vy\u0161\u0161\u00edm Brod\u011b a napl\u00e1novat prvn\u00ed den plavby do Ro\u017emberku nad Vltavou. Dal\u0161\u00ed dny pak rozd\u011bl\u00edte mezi kempy v\u00a0Nov\u00e9m Spol\u00ed, ve Zlat\u00e9 Korun\u011b a na D\u00edv\u010d\u00edm Kameni a podle \u010dasu a okolnost\u00ed lze doplout a\u017e do \u010cesk\u00fdch Bud\u011bjovic. Horn\u00ed tok Vltavy je nesm\u00edrn\u011b vod\u00e1cky atraktivn\u00ed pro strm\u00e9 zalesn\u011bn\u00e9 b\u0159ehy, svi\u017en\u011b proud\u00edc\u00ed tok s\u00a0obt\u00ed\u017enost\u00ed WW I a dostatek kemp\u016f se sprchami a toaletami a pochopiteln\u011b i s\u00a0ob\u010derstven\u00edm a n\u00e1kupn\u00edmi mo\u017enostmi. Pokud byste v\u0161ak Vltavu cht\u011bli splouvat v\u00a0hlavn\u00ed sez\u00f3n\u011b, po\u010d\u00edtejte s\u00a0kempy mnohdy p\u0159ecpan\u00fdmi a s\u00a0frontami na sj\u00ed\u017ed\u011bn\u00ed jez\u016f.                                                                                                                                                                                                                                                                                                                                                                                        3.6\/5 - (10 votes)        "},{"@context":"https:\/\/schema.org\/","@type":"BreadcrumbList","itemListElement":[{"@type":"ListItem","position":1,"name":"Na Vltavu mimo hlavn\u00ed turistickou sez\u00f3nu","item":"https:\/\/www.reaas.cz\/na-vltavu-mimo-hlavni-turistickou-sezonu\/#breadcrumbitem"}]}]