[{"@context":"https:\/\/schema.org\/","@type":"Article","@id":"https:\/\/www.reaas.cz\/nemusite-malovat-ale-jen-menit\/#Article","mainEntityOfPage":"https:\/\/www.reaas.cz\/nemusite-malovat-ale-jen-menit\/","headline":"Nemus\u00edte malovat, ale jen m\u011bnit","name":"Nemus\u00edte malovat, ale jen m\u011bnit","description":"U\u017e V\u00e1s nebav\u00ed ka\u017ed\u00fd rok malovat a p\u0159ed\u011bl\u00e1vat cel\u00fd byt. Nesn\u00e1\u0161\u00edte ukl\u00edzen\u00ed a um\u00fdv\u00e1n\u00ed barev a \u0161pinav\u00e9 podlahy. Pak vyu\u017eijte k p\u0159em\u011bn\u011b va\u0161eho bytu na\u0161e &hellip; ","datePublished":"2025-01-04","dateModified":"2025-01-04","author":{"@type":"Person","@id":"https:\/\/www.reaas.cz\/author\/#Person","name":"","url":"https:\/\/www.reaas.cz\/author\/","identifier":1,"image":{"@type":"ImageObject","@id":"https:\/\/secure.gravatar.com\/avatar\/e5312f21b37eec0871f00feffaf403580ddf46c2d055479cc6723fb0100721f2?s=96&d=mm&r=g","url":"https:\/\/secure.gravatar.com\/avatar\/e5312f21b37eec0871f00feffaf403580ddf46c2d055479cc6723fb0100721f2?s=96&d=mm&r=g","height":96,"width":96}},"publisher":{"@type":"Organization","name":"reaas.cz","logo":{"@type":"ImageObject","@id":"\/logo.png","url":"\/logo.png","width":600,"height":60}},"url":"https:\/\/www.reaas.cz\/nemusite-malovat-ale-jen-menit\/","wordCount":194,"articleBody":"U\u017e V\u00e1s nebav\u00ed ka\u017ed\u00fd rok malovat a p\u0159ed\u011bl\u00e1vat cel\u00fd byt. Nesn\u00e1\u0161\u00edte ukl\u00edzen\u00ed a um\u00fdv\u00e1n\u00ed barev a \u0161pinav\u00e9 podlahy. Pak vyu\u017eijte k p\u0159em\u011bn\u011b va\u0161eho bytu na\u0161e dekora\u010dn\u00ed l\u00e1tky. \u017de nev\u00edte, jak by se V\u00e1m mohly hodit? Na\u0161e l\u00e1tky toti\u017e mohou b\u00fdt kr\u00e1sn\u00fdm dekora\u010dn\u00edm dopl\u0148kem na va\u0161ich zdech. Nemus\u00edte p\u0159em\u00fd\u0161let nad t\u00edm, kde si vz\u00edt \u010das a lidi na malov\u00e1n\u00ed. V\u0161e bude jednoduch\u00e9 a kr\u00e1sn\u00e9. Okouzl\u00ed V\u00e1s barvy a \u00fa\u017easn\u00fd styl. Tento zp\u016fsob p\u0159em\u011bny je origin\u00e1ln\u00ed a m\u00e1 v dne\u0161n\u00ed modern\u00ed dob\u011b vysokou \u00farove\u0148. Va\u0161e fotky n\u00e1m pom\u016f\u017eou k modernosti Dohodn\u011bte si s n\u00e1mi sch\u016fzku a na\u0161i odborn\u00edci V\u00e1m porad\u00ed, jak je to jen mo\u017en\u00e9. A m\u00e1me pro v\u00e1s novinku! Doneste si fotky pokoje, kter\u00fd chcete p\u0159em\u011bnit, a my V\u00e1m uk\u00e1\u017eeme, jak\u00e9 dekora\u010dn\u00ed l\u00e1tky m\u016f\u017eete pou\u017e\u00edt na va\u0161e zdi. \u017dijte v modernosti.                                                                                                                                                                                                                                                                                                                                                                                        5\/5 - (1 vote)        "},{"@context":"https:\/\/schema.org\/","@type":"BreadcrumbList","itemListElement":[{"@type":"ListItem","position":1,"name":"Nemus\u00edte malovat, ale jen m\u011bnit","item":"https:\/\/www.reaas.cz\/nemusite-malovat-ale-jen-menit\/#breadcrumbitem"}]}]