[{"@context":"https:\/\/schema.org\/","@type":"Article","@id":"https:\/\/www.reaas.cz\/nenechte-se-za-jizdy-oslnovat\/#Article","mainEntityOfPage":"https:\/\/www.reaas.cz\/nenechte-se-za-jizdy-oslnovat\/","headline":"Nenechte se za j\u00edzdy osl\u0148ovat","name":"Nenechte se za j\u00edzdy osl\u0148ovat","description":"Je skv\u011bl\u00e9, kdy\u017e si v l\u00e9t\u011b m\u016f\u017eete s klidem otev\u0159\u00edt ok\u00fdnko, a nechat se v\u00ed\u0159it svi\u0161t\u00edc\u00edm v\u011btrem. Ale do t\u00e9 doby, ne\u017e se po\u0159\u00e1dn\u011b rozjedete, &hellip; ","datePublished":"2025-03-12","dateModified":"2025-03-12","author":{"@type":"Person","@id":"https:\/\/www.reaas.cz\/author\/#Person","name":"","url":"https:\/\/www.reaas.cz\/author\/","identifier":1,"image":{"@type":"ImageObject","@id":"https:\/\/secure.gravatar.com\/avatar\/e5312f21b37eec0871f00feffaf403580ddf46c2d055479cc6723fb0100721f2?s=96&d=mm&r=g","url":"https:\/\/secure.gravatar.com\/avatar\/e5312f21b37eec0871f00feffaf403580ddf46c2d055479cc6723fb0100721f2?s=96&d=mm&r=g","height":96,"width":96}},"publisher":{"@type":"Organization","name":"reaas.cz","logo":{"@type":"ImageObject","@id":"\/logo.png","url":"\/logo.png","width":600,"height":60}},"url":"https:\/\/www.reaas.cz\/nenechte-se-za-jizdy-oslnovat\/","wordCount":199,"articleBody":"Je skv\u011bl\u00e9, kdy\u017e si v l\u00e9t\u011b m\u016f\u017eete s klidem otev\u0159\u00edt ok\u00fdnko, a nechat se v\u00ed\u0159it svi\u0161t\u00edc\u00edm v\u011btrem. Ale do t\u00e9 doby, ne\u017e se po\u0159\u00e1dn\u011b rozjedete, budete m\u00edt v aut\u011b po\u0159\u00e1dn\u00e9 vedro. Zamezte tomuto nep\u0159\u00edjemn\u00e9mu vlivu slune\u010dn\u00edho sv\u011btla pr\u00e1v\u011b t\u00edm, \u017ee si nech\u00e1te nainstalovat autof\u00f3lie.Uvid\u00edte, \u017ee p\u0159i p\u0159\u00edjezdu k n\u00e1m budete m\u00edt autof\u00f3lie hned r\u00e1di, proto\u017ee n\u00e1\u0161 servis nab\u00edz\u00ed z\u00e1zem\u00ed, kter\u00e9 je skv\u011bl\u00e9 pro tuto instalaci. M\u016f\u017eete si b\u00fdt jisti, \u017ee na\u0161e pr\u00e1ce bude kvalitn\u00ed a \u017ee v\u011bci, co dod\u00e1me na va\u0161e auto, budou je\u0161t\u011b kvalitn\u011bj\u0161\u00ed, d\u00edky skv\u011bl\u00e9mu p\u016fvodu.Nev\u00e1hejteJsme tu pro v\u00e1s, a tak sta\u010d\u00ed, abyste p\u0159ijeli, a r\u00e1zem m\u016f\u017eete m\u00edt autof\u00f3lie t\u00e9 nejvy\u0161\u0161\u00ed kvality za n\u00edzk\u00e9 ceny. Kvalitu v\u00e1m m\u016f\u017eeme zaru\u010dit jak spokojen\u00fdmi z\u00e1kazn\u00edky, tak i faktem, \u017ee jsme usp\u011bly v sout\u011b\u017e\u00edch, kde byli pr\u00e1v\u011b tyto skv\u011bl\u00e9 pom\u016fcky hlavn\u00ed.                                                                                                                                                                                                                                                                                                                                                                                        5\/5 - (1 vote)        "},{"@context":"https:\/\/schema.org\/","@type":"BreadcrumbList","itemListElement":[{"@type":"ListItem","position":1,"name":"Nenechte se za j\u00edzdy osl\u0148ovat","item":"https:\/\/www.reaas.cz\/nenechte-se-za-jizdy-oslnovat\/#breadcrumbitem"}]}]