[{"@context":"https:\/\/schema.org\/","@type":"Blog","@id":"https:\/\/www.reaas.cz#Blog","headline":"Reaas","description":"\nKdy\u017e ztr\u00e1c\u00edte pevnou p\u016fdu pod nohama, na na\u0161\u00ed internetov\u00e9 str\u00e1nce v\u017edy zaru\u010den\u011b najdete stabilitu a z\u00edsk\u00e1te op\u011bt vytou\u017eenou pevnou p\u016fdu pod nohama.","url":"https:\/\/www.reaas.cz","hasPart":[{"@type":"Article","@id":"https:\/\/www.reaas.cz\/kvalitni-dvere\/","headline":"Kvalitn\u00ed dve\u0159e","url":"https:\/\/www.reaas.cz\/kvalitni-dvere\/","datePublished":"2025-06-16","dateModified":"2025-06-16","mainEntityOfPage":"https:\/\/www.reaas.cz\/kvalitni-dvere\/","author":{"@type":"Person","@id":"https:\/\/www.reaas.cz\/author\/#Person","name":"","url":"https:\/\/www.reaas.cz\/author\/","identifier":1,"image":{"@type":"ImageObject","@id":"https:\/\/secure.gravatar.com\/avatar\/e5312f21b37eec0871f00feffaf403580ddf46c2d055479cc6723fb0100721f2?s=96&d=mm&r=g","url":"https:\/\/secure.gravatar.com\/avatar\/e5312f21b37eec0871f00feffaf403580ddf46c2d055479cc6723fb0100721f2?s=96&d=mm&r=g","height":96,"width":96}},"publisher":{"@type":"Organization","name":"reaas.cz","logo":{"@type":"ImageObject","@id":"\/logo.png","url":"\/logo.png","width":600,"height":60}},"image":{"@type":"ImageObject","@id":"https:\/\/www.reaas.cz\/wp-content\/uploads\/buildings-1836478_640_3.jpg","url":"https:\/\/www.reaas.cz\/wp-content\/uploads\/buildings-1836478_640_3.jpg","height":0,"width":0},"wordCount":564,"keywords":null},{"@type":"Article","@id":"https:\/\/www.reaas.cz\/chcete-levny-toner\/","headline":"Chcete levn\u00fd toner?","url":"https:\/\/www.reaas.cz\/chcete-levny-toner\/","datePublished":"2025-04-27","dateModified":"2025-04-27","mainEntityOfPage":"https:\/\/www.reaas.cz\/chcete-levny-toner\/","author":{"@type":"Person","@id":"https:\/\/www.reaas.cz\/author\/#Person","name":"","url":"https:\/\/www.reaas.cz\/author\/","identifier":1,"image":{"@type":"ImageObject","@id":"https:\/\/secure.gravatar.com\/avatar\/e5312f21b37eec0871f00feffaf403580ddf46c2d055479cc6723fb0100721f2?s=96&d=mm&r=g","url":"https:\/\/secure.gravatar.com\/avatar\/e5312f21b37eec0871f00feffaf403580ddf46c2d055479cc6723fb0100721f2?s=96&d=mm&r=g","height":96,"width":96}},"publisher":{"@type":"Organization","name":"reaas.cz","logo":{"@type":"ImageObject","@id":"\/logo.png","url":"\/logo.png","width":600,"height":60}},"image":null,"wordCount":209,"keywords":null},{"@type":"Article","@id":"https:\/\/www.reaas.cz\/muzou-hrat-holky-i-kluci\/","headline":"M\u016f\u017eou hr\u00e1t holky i kluci","url":"https:\/\/www.reaas.cz\/muzou-hrat-holky-i-kluci\/","datePublished":"2025-04-21","dateModified":"2025-04-21","mainEntityOfPage":"https:\/\/www.reaas.cz\/muzou-hrat-holky-i-kluci\/","author":{"@type":"Person","@id":"https:\/\/www.reaas.cz\/author\/#Person","name":"","url":"https:\/\/www.reaas.cz\/author\/","identifier":1,"image":{"@type":"ImageObject","@id":"https:\/\/secure.gravatar.com\/avatar\/e5312f21b37eec0871f00feffaf403580ddf46c2d055479cc6723fb0100721f2?s=96&d=mm&r=g","url":"https:\/\/secure.gravatar.com\/avatar\/e5312f21b37eec0871f00feffaf403580ddf46c2d055479cc6723fb0100721f2?s=96&d=mm&r=g","height":96,"width":96}},"publisher":{"@type":"Organization","name":"reaas.cz","logo":{"@type":"ImageObject","@id":"\/logo.png","url":"\/logo.png","width":600,"height":60}},"image":null,"wordCount":212,"keywords":null},{"@type":"Article","@id":"https:\/\/www.reaas.cz\/relaxacni-pobyty-levne\/","headline":"Relaxa\u010dn\u00ed pobyty levn\u011b","url":"https:\/\/www.reaas.cz\/relaxacni-pobyty-levne\/","datePublished":"2025-04-12","dateModified":"2025-04-12","mainEntityOfPage":"https:\/\/www.reaas.cz\/relaxacni-pobyty-levne\/","author":{"@type":"Person","@id":"https:\/\/www.reaas.cz\/author\/#Person","name":"","url":"https:\/\/www.reaas.cz\/author\/","identifier":1,"image":{"@type":"ImageObject","@id":"https:\/\/secure.gravatar.com\/avatar\/e5312f21b37eec0871f00feffaf403580ddf46c2d055479cc6723fb0100721f2?s=96&d=mm&r=g","url":"https:\/\/secure.gravatar.com\/avatar\/e5312f21b37eec0871f00feffaf403580ddf46c2d055479cc6723fb0100721f2?s=96&d=mm&r=g","height":96,"width":96}},"publisher":{"@type":"Organization","name":"reaas.cz","logo":{"@type":"ImageObject","@id":"\/logo.png","url":"\/logo.png","width":600,"height":60}},"image":null,"wordCount":231,"keywords":null},{"@type":"Article","@id":"https:\/\/www.reaas.cz\/zajedte-si-sami-tam-kam-potrebujete\/","headline":"Zaje\u010fte si sami, tam kam pot\u0159ebujete","url":"https:\/\/www.reaas.cz\/zajedte-si-sami-tam-kam-potrebujete\/","datePublished":"2025-04-06","dateModified":"2025-04-06","mainEntityOfPage":"https:\/\/www.reaas.cz\/zajedte-si-sami-tam-kam-potrebujete\/","author":{"@type":"Person","@id":"https:\/\/www.reaas.cz\/author\/#Person","name":"","url":"https:\/\/www.reaas.cz\/author\/","identifier":1,"image":{"@type":"ImageObject","@id":"https:\/\/secure.gravatar.com\/avatar\/e5312f21b37eec0871f00feffaf403580ddf46c2d055479cc6723fb0100721f2?s=96&d=mm&r=g","url":"https:\/\/secure.gravatar.com\/avatar\/e5312f21b37eec0871f00feffaf403580ddf46c2d055479cc6723fb0100721f2?s=96&d=mm&r=g","height":96,"width":96}},"publisher":{"@type":"Organization","name":"reaas.cz","logo":{"@type":"ImageObject","@id":"\/logo.png","url":"\/logo.png","width":600,"height":60}},"image":null,"wordCount":227,"keywords":null},{"@type":"Article","@id":"https:\/\/www.reaas.cz\/lekarna\/","headline":"L\u00e9k\u00e1rna","url":"https:\/\/www.reaas.cz\/lekarna\/","datePublished":"2025-03-28","dateModified":"2025-03-28","mainEntityOfPage":"https:\/\/www.reaas.cz\/lekarna\/","author":{"@type":"Person","@id":"https:\/\/www.reaas.cz\/author\/#Person","name":"","url":"https:\/\/www.reaas.cz\/author\/","identifier":1,"image":{"@type":"ImageObject","@id":"https:\/\/secure.gravatar.com\/avatar\/e5312f21b37eec0871f00feffaf403580ddf46c2d055479cc6723fb0100721f2?s=96&d=mm&r=g","url":"https:\/\/secure.gravatar.com\/avatar\/e5312f21b37eec0871f00feffaf403580ddf46c2d055479cc6723fb0100721f2?s=96&d=mm&r=g","height":96,"width":96}},"publisher":{"@type":"Organization","name":"reaas.cz","logo":{"@type":"ImageObject","@id":"\/logo.png","url":"\/logo.png","width":600,"height":60}},"image":null,"wordCount":207,"keywords":null},{"@type":"Article","@id":"https:\/\/www.reaas.cz\/registrace-do-katalogu\/","headline":"Registrace do katalog\u016f","url":"https:\/\/www.reaas.cz\/registrace-do-katalogu\/","datePublished":"2025-03-18","dateModified":"2025-03-18","mainEntityOfPage":"https:\/\/www.reaas.cz\/registrace-do-katalogu\/","author":{"@type":"Person","@id":"https:\/\/www.reaas.cz\/author\/#Person","name":"","url":"https:\/\/www.reaas.cz\/author\/","identifier":1,"image":{"@type":"ImageObject","@id":"https:\/\/secure.gravatar.com\/avatar\/e5312f21b37eec0871f00feffaf403580ddf46c2d055479cc6723fb0100721f2?s=96&d=mm&r=g","url":"https:\/\/secure.gravatar.com\/avatar\/e5312f21b37eec0871f00feffaf403580ddf46c2d055479cc6723fb0100721f2?s=96&d=mm&r=g","height":96,"width":96}},"publisher":{"@type":"Organization","name":"reaas.cz","logo":{"@type":"ImageObject","@id":"\/logo.png","url":"\/logo.png","width":600,"height":60}},"image":null,"wordCount":222,"keywords":null},{"@type":"Article","@id":"https:\/\/www.reaas.cz\/nenechte-se-za-jizdy-oslnovat\/","headline":"Nenechte se za j\u00edzdy osl\u0148ovat","url":"https:\/\/www.reaas.cz\/nenechte-se-za-jizdy-oslnovat\/","datePublished":"2025-03-12","dateModified":"2025-03-12","mainEntityOfPage":"https:\/\/www.reaas.cz\/nenechte-se-za-jizdy-oslnovat\/","author":{"@type":"Person","@id":"https:\/\/www.reaas.cz\/author\/#Person","name":"","url":"https:\/\/www.reaas.cz\/author\/","identifier":1,"image":{"@type":"ImageObject","@id":"https:\/\/secure.gravatar.com\/avatar\/e5312f21b37eec0871f00feffaf403580ddf46c2d055479cc6723fb0100721f2?s=96&d=mm&r=g","url":"https:\/\/secure.gravatar.com\/avatar\/e5312f21b37eec0871f00feffaf403580ddf46c2d055479cc6723fb0100721f2?s=96&d=mm&r=g","height":96,"width":96}},"publisher":{"@type":"Organization","name":"reaas.cz","logo":{"@type":"ImageObject","@id":"\/logo.png","url":"\/logo.png","width":600,"height":60}},"image":null,"wordCount":245,"keywords":null},{"@type":"Article","@id":"https:\/\/www.reaas.cz\/migrena-utoci\/","headline":"Migr\u00e9na \u00fato\u010d\u00ed","url":"https:\/\/www.reaas.cz\/migrena-utoci\/","datePublished":"2025-03-04","dateModified":"2023-05-03","mainEntityOfPage":"https:\/\/www.reaas.cz\/migrena-utoci\/","author":{"@type":"Person","@id":"https:\/\/www.reaas.cz\/author\/#Person","name":"","url":"https:\/\/www.reaas.cz\/author\/","identifier":1,"image":{"@type":"ImageObject","@id":"https:\/\/secure.gravatar.com\/avatar\/e5312f21b37eec0871f00feffaf403580ddf46c2d055479cc6723fb0100721f2?s=96&d=mm&r=g","url":"https:\/\/secure.gravatar.com\/avatar\/e5312f21b37eec0871f00feffaf403580ddf46c2d055479cc6723fb0100721f2?s=96&d=mm&r=g","height":96,"width":96}},"publisher":{"@type":"Organization","name":"reaas.cz","logo":{"@type":"ImageObject","@id":"\/logo.png","url":"\/logo.png","width":600,"height":60}},"image":{"@type":"ImageObject","@id":"https:\/\/www.reaas.cz\/wp-content\/uploads\/img_a310739_w1918_t1521664887.jpg","url":"https:\/\/www.reaas.cz\/wp-content\/uploads\/img_a310739_w1918_t1521664887.jpg","height":0,"width":0},"wordCount":545,"keywords":null},{"@type":"Article","@id":"https:\/\/www.reaas.cz\/po-cem-muzi-touzi\/","headline":"Po \u010dem mu\u017ei tou\u017e\u00ed","url":"https:\/\/www.reaas.cz\/po-cem-muzi-touzi\/","datePublished":"2025-03-03","dateModified":"2023-05-03","mainEntityOfPage":"https:\/\/www.reaas.cz\/po-cem-muzi-touzi\/","author":{"@type":"Person","@id":"https:\/\/www.reaas.cz\/author\/#Person","name":"","url":"https:\/\/www.reaas.cz\/author\/","identifier":1,"image":{"@type":"ImageObject","@id":"https:\/\/secure.gravatar.com\/avatar\/e5312f21b37eec0871f00feffaf403580ddf46c2d055479cc6723fb0100721f2?s=96&d=mm&r=g","url":"https:\/\/secure.gravatar.com\/avatar\/e5312f21b37eec0871f00feffaf403580ddf46c2d055479cc6723fb0100721f2?s=96&d=mm&r=g","height":96,"width":96}},"publisher":{"@type":"Organization","name":"reaas.cz","logo":{"@type":"ImageObject","@id":"\/logo.png","url":"\/logo.png","width":600,"height":60}},"image":{"@type":"ImageObject","@id":"https:\/\/www.reaas.cz\/wp-content\/uploads\/img_a336889_w2721_t1550160650.jpg","url":"https:\/\/www.reaas.cz\/wp-content\/uploads\/img_a336889_w2721_t1550160650.jpg","height":0,"width":0},"wordCount":470,"keywords":null}]},{"@context":"https:\/\/schema.org","@type":"WebSite","@id":"https:\/\/www.reaas.cz\/#website","name":"Reaas","url":"https:\/\/www.reaas.cz","potentialAction":{"@type":"SearchAction","target":"https:\/\/www.reaas.cz\/?s={search_term_string}","query-input":"required name=search_term_string"}}]