[{"@context":"https:\/\/schema.org\/","@type":"Article","@id":"https:\/\/www.reaas.cz\/sklenene-zabradli-na-balkonech-terasach-a-lodziich-jako-prakticky-i-dekorativni-prvek\/#Article","mainEntityOfPage":"https:\/\/www.reaas.cz\/sklenene-zabradli-na-balkonech-terasach-a-lodziich-jako-prakticky-i-dekorativni-prvek\/","headline":"Sklen\u011bn\u00e9 z\u00e1bradl\u00ed na balkonech, teras\u00e1ch a lod\u017ei\u00edch jako praktick\u00fd i dekorativn\u00ed prvek","name":"Sklen\u011bn\u00e9 z\u00e1bradl\u00ed na balkonech, teras\u00e1ch a lod\u017ei\u00edch jako praktick\u00fd i dekorativn\u00ed prvek","description":"Docela ned\u00e1vno jsem objevil na internetu fotografii terasy u domu, jej\u00ed\u017e vzhled mi u\u010daroval. Samotn\u00e1 plocha terasy byla vydl\u00e1\u017ed\u011bna vkusnou dla\u017ebou a jej\u00ed okraj byl &hellip; ","datePublished":"2025-11-09","dateModified":"2025-11-09","author":{"@type":"Person","@id":"https:\/\/www.reaas.cz\/author\/#Person","name":"","url":"https:\/\/www.reaas.cz\/author\/","identifier":1,"image":{"@type":"ImageObject","@id":"https:\/\/secure.gravatar.com\/avatar\/e5312f21b37eec0871f00feffaf403580ddf46c2d055479cc6723fb0100721f2?s=96&d=mm&r=g","url":"https:\/\/secure.gravatar.com\/avatar\/e5312f21b37eec0871f00feffaf403580ddf46c2d055479cc6723fb0100721f2?s=96&d=mm&r=g","height":96,"width":96}},"publisher":{"@type":"Organization","name":"reaas.cz","logo":{"@type":"ImageObject","@id":"\/logo.png","url":"\/logo.png","width":600,"height":60}},"image":{"@type":"ImageObject","@id":"https:\/\/www.reaas.cz\/wp-content\/uploads\/staircase-9848735_640_1.jpg","url":"https:\/\/www.reaas.cz\/wp-content\/uploads\/staircase-9848735_640_1.jpg","height":0,"width":0},"url":"https:\/\/www.reaas.cz\/sklenene-zabradli-na-balkonech-terasach-a-lodziich-jako-prakticky-i-dekorativni-prvek\/","about":["V\u00fdrobky"],"wordCount":406,"articleBody":"        Docela ned\u00e1vno jsem objevil na internetu fotografii terasy u domu, jej\u00ed\u017e vzhled mi u\u010daroval. Samotn\u00e1 plocha terasy byla vydl\u00e1\u017ed\u011bna vkusnou dla\u017ebou a jej\u00ed okraj byl ohrani\u010den sklen\u011bn\u00fdm z\u00e1bradl\u00edm kmkdesign.cz. Toto \u0159e\u0161en\u00ed jsem vn\u00edmal jako velice elegantn\u00ed a dok\u00e1zal bych si p\u0159edstavit takov\u00fd objekt vyu\u017e\u00edvat. Z\u00e1bradl\u00ed z tvrzen\u00e9ho skla poskytuje na takov\u00fdch m\u00edstech dostate\u010dnou ochranu p\u0159ed p\u00e1dem z terasy, lod\u017eie \u010di balkonu a z\u00e1rove\u0148 zaji\u0161\u0165uje i jist\u00e9 soukrom\u00ed, jestli\u017ee se prostor ohrani\u010d\u00ed ml\u00e9\u010dn\u00fdm sklem. Tvrzen\u00e1 skla se upravuj\u00ed kalen\u00edm a jsou natolik pevn\u00e1, \u017ee je lze zcela bez probl\u00e9m\u016f vyu\u017e\u00edvat pro tyto stavebn\u00ed \u00fa\u010dely. Mezi jednotliv\u00e9 sklen\u011bn\u00e9 desky se nav\u00edc m\u016f\u017ee vkl\u00e1dat bezpe\u010dnostn\u00ed f\u00f3lie, kter\u00e1 krom\u011b p\u00e1du z v\u00fd\u0161ky zabr\u00e1n\u00ed rozsyp\u00e1n\u00ed skla a nebezpe\u010dn\u00e9mu po\u0159ez\u00e1n\u00ed.P\u0159ed n\u011bkolika lety jsme se na domovn\u00ed sch\u016fzi SVJ dohodli na tom, \u017ee n\u00e1\u0161 d\u016fm podstoup\u00ed zateplen\u00ed ji\u017en\u00ed st\u011bny objektu a z\u00e1rove\u0148 dojde k odstran\u011bn\u00ed st\u00e1vaj\u00edc\u00edho z\u00e1bradl\u00ed z konstruk\u010dn\u00ed oceli a k jeho nahrazen\u00ed nov\u00fdm \u0159e\u0161en\u00edm z tvrzen\u00e9ho skla. Horn\u00ed \u010d\u00e1st p\u0159edn\u00ed st\u011bny (nad z\u00e1bradl\u00edm) byla z\u00e1rove\u0148 uzav\u0159ena t\u0159emi posuvn\u00fdmi sklen\u011bn\u00fdmi segmenty, tak\u017ee tu vlastn\u011b m\u00e1me obdobu zimn\u00ed zahrady.Toto \u0159e\u0161en\u00ed mi p\u0159ineslo \u0159adu v\u00fdhod. Za prv\u00e9 u\u0161et\u0159\u00edm za vyt\u00e1p\u011bn\u00ed, nebo\u0165 sklo p\u016fsob\u00ed jako tepeln\u00fd izolant. Za druh\u00e9 m\u00e1m kone\u010dn\u011b ve sv\u00e9 lod\u017eii v\u00edce soukrom\u00ed, kdy\u017e je spodn\u00ed polovina skla zhotovena v ml\u00e9\u010dn\u00e9 podob\u011b. Transparentn\u00ed horn\u00ed polovinu skla lze snadno zakr\u00fdvat l\u00e1tkov\u00fdmi roletami a zabr\u00e1nit krom\u011b pohled\u016f zven\u010d\u00ed tak\u00e9 pr\u016fniku slune\u010dn\u00edho z\u00e1\u0159en\u00ed.Za t\u0159et\u00ed do prostor lod\u017eie se p\u0159es zav\u0159en\u00e1 skla nedostane \u017e\u00e1dn\u00fd d\u00e9\u0161\u0165 ani sn\u00edh a je tud\u00ed\u017e mo\u017en\u00e9 pokl\u00e1dat na podlahu t\u011bchto prostor i koberec bez obav z plesniv\u011bn\u00ed. A za \u010dtvrt\u00e9 i v polovin\u011b prosince tu st\u00e1le kvetou pelarg\u00f3nie a dokonce zvonek dalmatsk\u00fd, d\u00edky tomu nemus\u00edm tyto trvalky um\u00eds\u0165ovat do vyt\u00e1p\u011bn\u00e9ho sklepa, kde je v\u0161ak omezen\u00e9 mno\u017estv\u00ed denn\u00edho sv\u011btla.                                                                                                                                                                                                                                                                                                                                                                                          5\/5 - (1 vote)        "},{"@context":"https:\/\/schema.org\/","@type":"BreadcrumbList","itemListElement":[{"@type":"ListItem","position":1,"name":"Sklen\u011bn\u00e9 z\u00e1bradl\u00ed na balkonech, teras\u00e1ch a lod\u017ei\u00edch jako praktick\u00fd i dekorativn\u00ed prvek","item":"https:\/\/www.reaas.cz\/sklenene-zabradli-na-balkonech-terasach-a-lodziich-jako-prakticky-i-dekorativni-prvek\/#breadcrumbitem"}]}]