[{"@context":"https:\/\/schema.org\/","@type":"Article","@id":"https:\/\/www.reaas.cz\/telesne-a-dusevni-nemoci\/#Article","mainEntityOfPage":"https:\/\/www.reaas.cz\/telesne-a-dusevni-nemoci\/","headline":"T\u011blesn\u00e9 a du\u0161evn\u00ed nemoci","name":"T\u011blesn\u00e9 a du\u0161evn\u00ed nemoci","description":"Jakmile \u010dlov\u011bk onemocn\u00ed, nen\u00ed to zrovna dobr\u00e1 zpr\u00e1va. V\u011bt\u0161inou se na\u0161t\u011bst\u00ed jedn\u00e1 o naprost\u00e9 banality typu r\u00fdma nebo lehk\u00fd ka\u0161el, kter\u00e9 je mo\u017en\u00e9 zlikvidovat b\u011bhem &hellip; ","datePublished":"2019-01-22","dateModified":"2023-05-03","author":{"@type":"Person","@id":"https:\/\/www.reaas.cz\/author\/#Person","name":"","url":"https:\/\/www.reaas.cz\/author\/","identifier":1,"image":{"@type":"ImageObject","@id":"https:\/\/secure.gravatar.com\/avatar\/e5312f21b37eec0871f00feffaf403580ddf46c2d055479cc6723fb0100721f2?s=96&d=mm&r=g","url":"https:\/\/secure.gravatar.com\/avatar\/e5312f21b37eec0871f00feffaf403580ddf46c2d055479cc6723fb0100721f2?s=96&d=mm&r=g","height":96,"width":96}},"publisher":{"@type":"Organization","name":"reaas.cz","logo":{"@type":"ImageObject","@id":"\/logo.png","url":"\/logo.png","width":600,"height":60}},"image":{"@type":"ImageObject","@id":"https:\/\/www.reaas.cz\/wp-content\/uploads\/img_a333446_w2295_t1546784622.jpg","url":"https:\/\/www.reaas.cz\/wp-content\/uploads\/img_a333446_w2295_t1546784622.jpg","height":0,"width":0},"url":"https:\/\/www.reaas.cz\/telesne-a-dusevni-nemoci\/","wordCount":435,"articleBody":" Jakmile \u010dlov\u011bk onemocn\u00ed, nen\u00ed to zrovna dobr\u00e1 zpr\u00e1va. V\u011bt\u0161inou se na\u0161t\u011bst\u00ed jedn\u00e1 o naprost\u00e9 banality typu r\u00fdma nebo lehk\u00fd ka\u0161el, kter\u00e9 je mo\u017en\u00e9 zlikvidovat b\u011bhem jednoho t\u00fddne. Sta\u010d\u00ed zv\u00fd\u0161it p\u0159\u00edsun tekutin, po\u0159\u00e1dn\u011b se obl\u00e9ct a zachumlat se do pe\u0159in. K tomu si naordinovat \u010dast\u00fd sp\u00e1nek a odpo\u010dinek obecn\u011b a za chv\u00edli je po probl\u00e9mech. Ne v\u017edy m\u00e1 v\u0161ak nemoc tak jednoduch\u00fd pr\u016fb\u011bh. Pokud se dostav\u00ed intenzivn\u011bj\u0161\u00ed bolesti, nen\u00ed dobr\u00e9 se jich sna\u017eit zbavit dom\u00e1c\u00ed l\u00e9\u010dbou, ale rad\u011bji nav\u0161t\u00edvit rodinn\u00e9ho l\u00e9ka\u0159e. Ten dle v\u00fdsledk\u016f vy\u0161et\u0159en\u00ed zah\u00e1j\u00ed l\u00e9\u010dbu. Obecn\u011b plat\u00ed, \u017ee \u010d\u00edm d\u0159\u00edve se za\u010dne nemoc l\u00e9\u010dit, t\u00edm d\u0159\u00edve n\u00e1s tak\u00e9 opust\u00ed. Je proto lep\u0161\u00ed dlouho na nic ne\u010dekat a za l\u00e9ka\u0159em se vydat u\u017e ve chv\u00edli, kdy se n\u00e1m p\u0159\u00edznaky nemoci zdaj\u00ed bu\u010fto p\u0159\u00edli\u0161 siln\u00e9, nebo atypick\u00e9. \u010c\u00edm d\u00e9le se \u010dek\u00e1, t\u00edm d\u00e9le se i trp\u00ed. V p\u0159\u00edpad\u011b z\u00e1va\u017en\u011bj\u0161\u00edch onemocn\u011bn\u00ed m\u016f\u017ee b\u00fdt vy\u010dk\u00e1v\u00e1n\u00ed \u010dasto i fat\u00e1ln\u00ed. Onemocn\u011bn\u00ed du\u0161e B\u011b\u017en\u00e9 v\u0161ak nejsou pouze nemoci, kter\u00e9 se projevuj\u00ed hlavn\u011b fyzickou cestou, ale \u010d\u00edm d\u00e1l t\u00edm \u010dast\u011bji se lid\u00e9 chod\u00ed sv\u011b\u0159ovat do ordinac\u00ed praktick\u00fdch l\u00e9ka\u0159\u016f i s du\u0161evn\u00edmi probl\u00e9my. Ty mohou m\u00edt celu \u0159adu p\u0159\u00edznak\u016f podle typu onemocn\u011bn\u00ed. Nej\u010dast\u011bji sou\u010dasn\u00e9ho \u010dlov\u011bk su\u017euj\u00ed r\u016fzn\u00e9 druhy \u00fazkost\u00ed a depres\u00ed. Zvl\u00e1\u0161t\u011b druh\u00e9 jmenovan\u00e9 onemocn\u011bn\u00ed m\u016f\u017ee za\u010d\u00edt zprvu nen\u00e1padn\u011b, ale b\u011bhem t\u00fddn\u016f a\u017e m\u011bs\u00edc\u016f se m\u016f\u017ee zm\u011bnit v naprostou bestii, kter\u00e1 n\u00e1m doslova nedovol\u00ed ani vst\u00e1t z postele. Pokud se deprese nel\u00e9\u010d\u00ed, hroz\u00ed v nehor\u0161\u00edm p\u0159\u00edpad\u011b nemocn\u00e9mu i smrt. D\u00edky sebevra\u017ed\u00e1m m\u00e1 toto onemocn\u011bn\u00ed na sv\u011bdom\u00ed b\u011bhem roku v\u00edce ob\u011bt\u00ed ne\u017e nap\u0159\u00edklad autonehody na silnic\u00edch. A vzhledem k tomu, jak \u010ce\u0161i jezd\u00ed, to nen\u00ed mal\u00e9 \u010d\u00edslo. Proto u\u017e p\u0159i prvn\u00edch m\u00edrn\u011bj\u0161\u00edch zn\u00e1mk\u00e1ch deprese je dobr\u00e9 vyhledat, kdy\u017e ne rovnou psychiatra, tak alespo\u0148 praktick\u00e9ho l\u00e9ka\u0159e, kter\u00fd bu\u010fto pacienta odk\u00e1\u017ee na psychiatrii, nebo se o l\u00e9\u010dbu pokus\u00ed s\u00e1m. U m\u00edrn\u011bj\u0161\u00edch forem deprese je to pom\u011brn\u011b b\u011b\u017en\u00e9 .                                                                                                                                                                                                                                                                                                                                                                                        4.8\/5 - (9 votes)        "},{"@context":"https:\/\/schema.org\/","@type":"BreadcrumbList","itemListElement":[{"@type":"ListItem","position":1,"name":"T\u011blesn\u00e9 a du\u0161evn\u00ed nemoci","item":"https:\/\/www.reaas.cz\/telesne-a-dusevni-nemoci\/#breadcrumbitem"}]}]