{"@context":"https:\/\/schema.org\/","@type":"CollectionPage","@id":"https:\/\/www.reaas.cz\/vyrobky\/#CollectionPage","headline":"V\u00fdrobky Category","description":"","url":"https:\/\/www.reaas.cz\/vyrobky\/","hasPart":[{"@type":"Article","@id":"https:\/\/www.reaas.cz\/prehledny-eshop\/","headline":"P\u0159ehledn\u00fd eshop","url":"https:\/\/www.reaas.cz\/prehledny-eshop\/","datePublished":"2025-12-26","dateModified":"2025-12-26","mainEntityOfPage":"https:\/\/www.reaas.cz\/prehledny-eshop\/","author":{"@type":"Person","@id":"https:\/\/www.reaas.cz\/author\/#Person","name":"","url":"https:\/\/www.reaas.cz\/author\/","identifier":1,"image":{"@type":"ImageObject","@id":"https:\/\/secure.gravatar.com\/avatar\/e5312f21b37eec0871f00feffaf403580ddf46c2d055479cc6723fb0100721f2?s=96&d=mm&r=g","url":"https:\/\/secure.gravatar.com\/avatar\/e5312f21b37eec0871f00feffaf403580ddf46c2d055479cc6723fb0100721f2?s=96&d=mm&r=g","height":96,"width":96}},"publisher":{"@type":"Organization","name":"reaas.cz","logo":{"@type":"ImageObject","@id":"\/logo.png","url":"\/logo.png","width":600,"height":60}},"image":{"@type":"ImageObject","@id":"https:\/\/www.reaas.cz\/wp-content\/uploads\/architecture-1852906_640_8.jpg","url":"https:\/\/www.reaas.cz\/wp-content\/uploads\/architecture-1852906_640_8.jpg","height":0,"width":0},"keywords":null},{"@type":"Article","@id":"https:\/\/www.reaas.cz\/sklenene-zabradli-na-balkonech-terasach-a-lodziich-jako-prakticky-i-dekorativni-prvek\/","headline":"Sklen\u011bn\u00e9 z\u00e1bradl\u00ed na balkonech, teras\u00e1ch a lod\u017ei\u00edch jako praktick\u00fd i dekorativn\u00ed prvek","url":"https:\/\/www.reaas.cz\/sklenene-zabradli-na-balkonech-terasach-a-lodziich-jako-prakticky-i-dekorativni-prvek\/","datePublished":"2025-11-09","dateModified":"2025-11-09","mainEntityOfPage":"https:\/\/www.reaas.cz\/sklenene-zabradli-na-balkonech-terasach-a-lodziich-jako-prakticky-i-dekorativni-prvek\/","author":{"@type":"Person","@id":"https:\/\/www.reaas.cz\/author\/#Person","name":"","url":"https:\/\/www.reaas.cz\/author\/","identifier":1,"image":{"@type":"ImageObject","@id":"https:\/\/secure.gravatar.com\/avatar\/e5312f21b37eec0871f00feffaf403580ddf46c2d055479cc6723fb0100721f2?s=96&d=mm&r=g","url":"https:\/\/secure.gravatar.com\/avatar\/e5312f21b37eec0871f00feffaf403580ddf46c2d055479cc6723fb0100721f2?s=96&d=mm&r=g","height":96,"width":96}},"publisher":{"@type":"Organization","name":"reaas.cz","logo":{"@type":"ImageObject","@id":"\/logo.png","url":"\/logo.png","width":600,"height":60}},"image":{"@type":"ImageObject","@id":"https:\/\/www.reaas.cz\/wp-content\/uploads\/staircase-9848735_640_1.jpg","url":"https:\/\/www.reaas.cz\/wp-content\/uploads\/staircase-9848735_640_1.jpg","height":0,"width":0},"keywords":null},{"@type":"Article","@id":"https:\/\/www.reaas.cz\/nove-plastove-dvere-na-balkon\/","headline":"Nov\u00e9 plastov\u00e9 dve\u0159e na balkon","url":"https:\/\/www.reaas.cz\/nove-plastove-dvere-na-balkon\/","datePublished":"2025-10-15","dateModified":"2025-10-15","mainEntityOfPage":"https:\/\/www.reaas.cz\/nove-plastove-dvere-na-balkon\/","author":{"@type":"Person","@id":"https:\/\/www.reaas.cz\/author\/#Person","name":"","url":"https:\/\/www.reaas.cz\/author\/","identifier":1,"image":{"@type":"ImageObject","@id":"https:\/\/secure.gravatar.com\/avatar\/e5312f21b37eec0871f00feffaf403580ddf46c2d055479cc6723fb0100721f2?s=96&d=mm&r=g","url":"https:\/\/secure.gravatar.com\/avatar\/e5312f21b37eec0871f00feffaf403580ddf46c2d055479cc6723fb0100721f2?s=96&d=mm&r=g","height":96,"width":96}},"publisher":{"@type":"Organization","name":"reaas.cz","logo":{"@type":"ImageObject","@id":"\/logo.png","url":"\/logo.png","width":600,"height":60}},"image":{"@type":"ImageObject","@id":"https:\/\/www.reaas.cz\/wp-content\/uploads\/prefabricated-house-930190_640_10_10_10.jpg","url":"https:\/\/www.reaas.cz\/wp-content\/uploads\/prefabricated-house-930190_640_10_10_10.jpg","height":0,"width":0},"keywords":null},{"@type":"Article","@id":"https:\/\/www.reaas.cz\/jak-snizit-spotrebu-vody\/","headline":"Jak sn\u00ed\u017eit spot\u0159ebu vody","url":"https:\/\/www.reaas.cz\/jak-snizit-spotrebu-vody\/","datePublished":"2025-07-11","dateModified":"2025-07-11","mainEntityOfPage":"https:\/\/www.reaas.cz\/jak-snizit-spotrebu-vody\/","author":{"@type":"Person","@id":"https:\/\/www.reaas.cz\/author\/#Person","name":"","url":"https:\/\/www.reaas.cz\/author\/","identifier":1,"image":{"@type":"ImageObject","@id":"https:\/\/secure.gravatar.com\/avatar\/e5312f21b37eec0871f00feffaf403580ddf46c2d055479cc6723fb0100721f2?s=96&d=mm&r=g","url":"https:\/\/secure.gravatar.com\/avatar\/e5312f21b37eec0871f00feffaf403580ddf46c2d055479cc6723fb0100721f2?s=96&d=mm&r=g","height":96,"width":96}},"publisher":{"@type":"Organization","name":"reaas.cz","logo":{"@type":"ImageObject","@id":"\/logo.png","url":"\/logo.png","width":600,"height":60}},"image":{"@type":"ImageObject","@id":"https:\/\/www.reaas.cz\/wp-content\/uploads\/faucet-3240211_640_7.jpg","url":"https:\/\/www.reaas.cz\/wp-content\/uploads\/faucet-3240211_640_7.jpg","height":0,"width":0},"keywords":null},{"@type":"Article","@id":"https:\/\/www.reaas.cz\/kvalitni-dvere\/","headline":"Kvalitn\u00ed dve\u0159e","url":"https:\/\/www.reaas.cz\/kvalitni-dvere\/","datePublished":"2025-06-16","dateModified":"2025-06-16","mainEntityOfPage":"https:\/\/www.reaas.cz\/kvalitni-dvere\/","author":{"@type":"Person","@id":"https:\/\/www.reaas.cz\/author\/#Person","name":"","url":"https:\/\/www.reaas.cz\/author\/","identifier":1,"image":{"@type":"ImageObject","@id":"https:\/\/secure.gravatar.com\/avatar\/e5312f21b37eec0871f00feffaf403580ddf46c2d055479cc6723fb0100721f2?s=96&d=mm&r=g","url":"https:\/\/secure.gravatar.com\/avatar\/e5312f21b37eec0871f00feffaf403580ddf46c2d055479cc6723fb0100721f2?s=96&d=mm&r=g","height":96,"width":96}},"publisher":{"@type":"Organization","name":"reaas.cz","logo":{"@type":"ImageObject","@id":"\/logo.png","url":"\/logo.png","width":600,"height":60}},"image":{"@type":"ImageObject","@id":"https:\/\/www.reaas.cz\/wp-content\/uploads\/buildings-1836478_640_3.jpg","url":"https:\/\/www.reaas.cz\/wp-content\/uploads\/buildings-1836478_640_3.jpg","height":0,"width":0},"keywords":null},{"@type":"Article","@id":"https:\/\/www.reaas.cz\/spolehnout-se-na-morskou-sul-se-vam-velmi-vyplati\/","headline":"Spolehnout se na mo\u0159skou s\u016fl se v\u00e1m velmi vyplat\u00ed","url":"https:\/\/www.reaas.cz\/spolehnout-se-na-morskou-sul-se-vam-velmi-vyplati\/","datePublished":"2024-10-11","dateModified":"2023-05-03","mainEntityOfPage":"https:\/\/www.reaas.cz\/spolehnout-se-na-morskou-sul-se-vam-velmi-vyplati\/","author":{"@type":"Person","@id":"https:\/\/www.reaas.cz\/author\/#Person","name":"","url":"https:\/\/www.reaas.cz\/author\/","identifier":1,"image":{"@type":"ImageObject","@id":"https:\/\/secure.gravatar.com\/avatar\/e5312f21b37eec0871f00feffaf403580ddf46c2d055479cc6723fb0100721f2?s=96&d=mm&r=g","url":"https:\/\/secure.gravatar.com\/avatar\/e5312f21b37eec0871f00feffaf403580ddf46c2d055479cc6723fb0100721f2?s=96&d=mm&r=g","height":96,"width":96}},"publisher":{"@type":"Organization","name":"reaas.cz","logo":{"@type":"ImageObject","@id":"\/logo.png","url":"\/logo.png","width":600,"height":60}},"image":null,"keywords":null},{"@type":"Article","@id":"https:\/\/www.reaas.cz\/online-rezervace\/","headline":"Online rezervace","url":"https:\/\/www.reaas.cz\/online-rezervace\/","datePublished":"2022-12-31","dateModified":"2023-05-09","mainEntityOfPage":"https:\/\/www.reaas.cz\/online-rezervace\/","author":{"@type":"Person","@id":"https:\/\/www.reaas.cz\/author\/#Person","name":"","url":"https:\/\/www.reaas.cz\/author\/","identifier":1,"image":{"@type":"ImageObject","@id":"https:\/\/secure.gravatar.com\/avatar\/e5312f21b37eec0871f00feffaf403580ddf46c2d055479cc6723fb0100721f2?s=96&d=mm&r=g","url":"https:\/\/secure.gravatar.com\/avatar\/e5312f21b37eec0871f00feffaf403580ddf46c2d055479cc6723fb0100721f2?s=96&d=mm&r=g","height":96,"width":96}},"publisher":{"@type":"Organization","name":"reaas.cz","logo":{"@type":"ImageObject","@id":"\/logo.png","url":"\/logo.png","width":600,"height":60}},"image":{"@type":"ImageObject","@id":"https:\/\/www.reaas.cz\/wp-content\/uploads\/dumbbells-2465478_960_720_4.jpg","url":"https:\/\/www.reaas.cz\/wp-content\/uploads\/dumbbells-2465478_960_720_4.jpg","height":0,"width":0},"keywords":null},{"@type":"Article","@id":"https:\/\/www.reaas.cz\/vsemu-se-muze-clovek-branit-a-to-i-modremu-svetlu\/","headline":"V\u0161emu se m\u016f\u017ee \u010dlov\u011bk br\u00e1nit a to i modr\u00e9mu sv\u011btlu","url":"https:\/\/www.reaas.cz\/vsemu-se-muze-clovek-branit-a-to-i-modremu-svetlu\/","datePublished":"2022-07-09","dateModified":"2023-05-09","mainEntityOfPage":"https:\/\/www.reaas.cz\/vsemu-se-muze-clovek-branit-a-to-i-modremu-svetlu\/","author":{"@type":"Person","@id":"https:\/\/www.reaas.cz\/author\/#Person","name":"","url":"https:\/\/www.reaas.cz\/author\/","identifier":1,"image":{"@type":"ImageObject","@id":"https:\/\/secure.gravatar.com\/avatar\/e5312f21b37eec0871f00feffaf403580ddf46c2d055479cc6723fb0100721f2?s=96&d=mm&r=g","url":"https:\/\/secure.gravatar.com\/avatar\/e5312f21b37eec0871f00feffaf403580ddf46c2d055479cc6723fb0100721f2?s=96&d=mm&r=g","height":96,"width":96}},"publisher":{"@type":"Organization","name":"reaas.cz","logo":{"@type":"ImageObject","@id":"\/logo.png","url":"\/logo.png","width":600,"height":60}},"image":{"@type":"ImageObject","@id":"https:\/\/www.reaas.cz\/wp-content\/uploads\/br%C3%BDle%20a%20mu%C5%BE_2.JPG","url":"https:\/\/www.reaas.cz\/wp-content\/uploads\/br%C3%BDle%20a%20mu%C5%BE_2.JPG","height":0,"width":0},"keywords":null},{"@type":"Article","@id":"https:\/\/www.reaas.cz\/muz-ma-mit-ploche-bricho\/","headline":"Mu\u017e m\u00e1 m\u00edt ploch\u00e9 b\u0159icho?","url":"https:\/\/www.reaas.cz\/muz-ma-mit-ploche-bricho\/","datePublished":"2022-06-30","dateModified":"2023-05-09","mainEntityOfPage":"https:\/\/www.reaas.cz\/muz-ma-mit-ploche-bricho\/","author":{"@type":"Person","@id":"https:\/\/www.reaas.cz\/author\/#Person","name":"","url":"https:\/\/www.reaas.cz\/author\/","identifier":1,"image":{"@type":"ImageObject","@id":"https:\/\/secure.gravatar.com\/avatar\/e5312f21b37eec0871f00feffaf403580ddf46c2d055479cc6723fb0100721f2?s=96&d=mm&r=g","url":"https:\/\/secure.gravatar.com\/avatar\/e5312f21b37eec0871f00feffaf403580ddf46c2d055479cc6723fb0100721f2?s=96&d=mm&r=g","height":96,"width":96}},"publisher":{"@type":"Organization","name":"reaas.cz","logo":{"@type":"ImageObject","@id":"\/logo.png","url":"\/logo.png","width":600,"height":60}},"image":{"@type":"ImageObject","@id":"https:\/\/www.reaas.cz\/wp-content\/uploads\/guy-ge70749a30_640.jpg","url":"https:\/\/www.reaas.cz\/wp-content\/uploads\/guy-ge70749a30_640.jpg","height":0,"width":0},"keywords":null},{"@type":"Article","@id":"https:\/\/www.reaas.cz\/uklid-po-vecirku-a-jak-si-jej-usnadnit\/","headline":"\u00daklid po ve\u010d\u00edrku, a jak si jej usnadnit","url":"https:\/\/www.reaas.cz\/uklid-po-vecirku-a-jak-si-jej-usnadnit\/","datePublished":"2022-04-27","dateModified":"2023-05-03","mainEntityOfPage":"https:\/\/www.reaas.cz\/uklid-po-vecirku-a-jak-si-jej-usnadnit\/","author":{"@type":"Person","@id":"https:\/\/www.reaas.cz\/author\/#Person","name":"","url":"https:\/\/www.reaas.cz\/author\/","identifier":1,"image":{"@type":"ImageObject","@id":"https:\/\/secure.gravatar.com\/avatar\/e5312f21b37eec0871f00feffaf403580ddf46c2d055479cc6723fb0100721f2?s=96&d=mm&r=g","url":"https:\/\/secure.gravatar.com\/avatar\/e5312f21b37eec0871f00feffaf403580ddf46c2d055479cc6723fb0100721f2?s=96&d=mm&r=g","height":96,"width":96}},"publisher":{"@type":"Organization","name":"reaas.cz","logo":{"@type":"ImageObject","@id":"\/logo.png","url":"\/logo.png","width":600,"height":60}},"image":{"@type":"ImageObject","@id":"https:\/\/www.reaas.cz\/wp-content\/uploads\/balloons-1761634_640.jpg","url":"https:\/\/www.reaas.cz\/wp-content\/uploads\/balloons-1761634_640.jpg","height":0,"width":0},"keywords":null}]}