{"@context":"https:\/\/schema.org\/","@type":"CollectionPage","@id":"https:\/\/www.reaas.cz\/vyrobky\/#CollectionPage","headline":"V\u00fdrobky Category","description":"","url":"https:\/\/www.reaas.cz\/vyrobky\/","hasPart":[{"@type":"Article","@id":"https:\/\/www.reaas.cz\/jak-nepribirat-abychom-nemuseli-hubnout\/","headline":"Jak nep\u0159ib\u00edrat, abychom nemuseli hubnout!","url":"https:\/\/www.reaas.cz\/jak-nepribirat-abychom-nemuseli-hubnout\/","datePublished":"2020-05-10","dateModified":"2024-02-01","mainEntityOfPage":"https:\/\/www.reaas.cz\/jak-nepribirat-abychom-nemuseli-hubnout\/","author":{"@type":"Person","@id":"https:\/\/www.reaas.cz\/author\/#Person","name":"","url":"https:\/\/www.reaas.cz\/author\/","identifier":1,"image":{"@type":"ImageObject","@id":"https:\/\/secure.gravatar.com\/avatar\/e5312f21b37eec0871f00feffaf403580ddf46c2d055479cc6723fb0100721f2?s=96&d=mm&r=g","url":"https:\/\/secure.gravatar.com\/avatar\/e5312f21b37eec0871f00feffaf403580ddf46c2d055479cc6723fb0100721f2?s=96&d=mm&r=g","height":96,"width":96}},"publisher":{"@type":"Organization","name":"reaas.cz","logo":{"@type":"ImageObject","@id":"\/logo.png","url":"\/logo.png","width":600,"height":60}},"image":{"@type":"ImageObject","@id":"https:\/\/www.reaas.cz\/wp-content\/uploads\/zdrav%C3%A1%20pol%C3%A9vka_1.png","url":"https:\/\/www.reaas.cz\/wp-content\/uploads\/zdrav%C3%A1%20pol%C3%A9vka_1.png","height":0,"width":0},"keywords":null},{"@type":"Article","@id":"https:\/\/www.reaas.cz\/kava-se-da-osladit-i-jinak-nez-beznym-cukrem\/","headline":"K\u00e1va se d\u00e1 osladit i jinak ne\u017e b\u011b\u017en\u00fdm cukrem!","url":"https:\/\/www.reaas.cz\/kava-se-da-osladit-i-jinak-nez-beznym-cukrem\/","datePublished":"2020-02-03","dateModified":"2023-05-24","mainEntityOfPage":"https:\/\/www.reaas.cz\/kava-se-da-osladit-i-jinak-nez-beznym-cukrem\/","author":{"@type":"Person","@id":"https:\/\/www.reaas.cz\/author\/#Person","name":"","url":"https:\/\/www.reaas.cz\/author\/","identifier":1,"image":{"@type":"ImageObject","@id":"https:\/\/secure.gravatar.com\/avatar\/e5312f21b37eec0871f00feffaf403580ddf46c2d055479cc6723fb0100721f2?s=96&d=mm&r=g","url":"https:\/\/secure.gravatar.com\/avatar\/e5312f21b37eec0871f00feffaf403580ddf46c2d055479cc6723fb0100721f2?s=96&d=mm&r=g","height":96,"width":96}},"publisher":{"@type":"Organization","name":"reaas.cz","logo":{"@type":"ImageObject","@id":"\/logo.png","url":"\/logo.png","width":600,"height":60}},"image":{"@type":"ImageObject","@id":"https:\/\/www.reaas.cz\/wp-content\/uploads\/img_a382003_w4348_t1593506047.jpg","url":"https:\/\/www.reaas.cz\/wp-content\/uploads\/img_a382003_w4348_t1593506047.jpg","height":0,"width":0},"keywords":null},{"@type":"Article","@id":"https:\/\/www.reaas.cz\/jidelni-set-pro-vice-osob-si-doslova-oblibite\/","headline":"J\u00eddeln\u00ed set pro v\u00edce osob si doslova obl\u00edb\u00edte","url":"https:\/\/www.reaas.cz\/jidelni-set-pro-vice-osob-si-doslova-oblibite\/","datePublished":"2019-11-21","dateModified":"2023-05-03","mainEntityOfPage":"https:\/\/www.reaas.cz\/jidelni-set-pro-vice-osob-si-doslova-oblibite\/","author":{"@type":"Person","@id":"https:\/\/www.reaas.cz\/author\/#Person","name":"","url":"https:\/\/www.reaas.cz\/author\/","identifier":1,"image":{"@type":"ImageObject","@id":"https:\/\/secure.gravatar.com\/avatar\/e5312f21b37eec0871f00feffaf403580ddf46c2d055479cc6723fb0100721f2?s=96&d=mm&r=g","url":"https:\/\/secure.gravatar.com\/avatar\/e5312f21b37eec0871f00feffaf403580ddf46c2d055479cc6723fb0100721f2?s=96&d=mm&r=g","height":96,"width":96}},"publisher":{"@type":"Organization","name":"reaas.cz","logo":{"@type":"ImageObject","@id":"\/logo.png","url":"\/logo.png","width":600,"height":60}},"image":{"@type":"ImageObject","@id":"https:\/\/www.reaas.cz\/wp-content\/uploads\/img_a370627_w2204_t1582223717.jpg","url":"https:\/\/www.reaas.cz\/wp-content\/uploads\/img_a370627_w2204_t1582223717.jpg","height":0,"width":0},"keywords":null},{"@type":"Article","@id":"https:\/\/www.reaas.cz\/venkovni-solarni-sprcha\/","headline":"Venkovn\u00ed sol\u00e1rn\u00ed sprcha","url":"https:\/\/www.reaas.cz\/venkovni-solarni-sprcha\/","datePublished":"2019-09-17","dateModified":"2023-05-03","mainEntityOfPage":"https:\/\/www.reaas.cz\/venkovni-solarni-sprcha\/","author":{"@type":"Person","@id":"https:\/\/www.reaas.cz\/author\/#Person","name":"","url":"https:\/\/www.reaas.cz\/author\/","identifier":1,"image":{"@type":"ImageObject","@id":"https:\/\/secure.gravatar.com\/avatar\/e5312f21b37eec0871f00feffaf403580ddf46c2d055479cc6723fb0100721f2?s=96&d=mm&r=g","url":"https:\/\/secure.gravatar.com\/avatar\/e5312f21b37eec0871f00feffaf403580ddf46c2d055479cc6723fb0100721f2?s=96&d=mm&r=g","height":96,"width":96}},"publisher":{"@type":"Organization","name":"reaas.cz","logo":{"@type":"ImageObject","@id":"\/logo.png","url":"\/logo.png","width":600,"height":60}},"image":{"@type":"ImageObject","@id":"https:\/\/www.reaas.cz\/wp-content\/uploads\/img_a351791_w1747_t1566289945.jpg","url":"https:\/\/www.reaas.cz\/wp-content\/uploads\/img_a351791_w1747_t1566289945.jpg","height":0,"width":0},"keywords":null},{"@type":"Article","@id":"https:\/\/www.reaas.cz\/detem-doprejte-predevsim-zabavu\/","headline":"D\u011btem dop\u0159ejte p\u0159edev\u0161\u00edm z\u00e1bavu","url":"https:\/\/www.reaas.cz\/detem-doprejte-predevsim-zabavu\/","datePublished":"2019-09-11","dateModified":"2023-05-03","mainEntityOfPage":"https:\/\/www.reaas.cz\/detem-doprejte-predevsim-zabavu\/","author":{"@type":"Person","@id":"https:\/\/www.reaas.cz\/author\/#Person","name":"","url":"https:\/\/www.reaas.cz\/author\/","identifier":1,"image":{"@type":"ImageObject","@id":"https:\/\/secure.gravatar.com\/avatar\/e5312f21b37eec0871f00feffaf403580ddf46c2d055479cc6723fb0100721f2?s=96&d=mm&r=g","url":"https:\/\/secure.gravatar.com\/avatar\/e5312f21b37eec0871f00feffaf403580ddf46c2d055479cc6723fb0100721f2?s=96&d=mm&r=g","height":96,"width":96}},"publisher":{"@type":"Organization","name":"reaas.cz","logo":{"@type":"ImageObject","@id":"\/logo.png","url":"\/logo.png","width":600,"height":60}},"image":{"@type":"ImageObject","@id":"https:\/\/www.reaas.cz\/wp-content\/uploads\/img_a353388_w1943_t1567943710.jpg","url":"https:\/\/www.reaas.cz\/wp-content\/uploads\/img_a353388_w1943_t1567943710.jpg","height":0,"width":0},"keywords":null},{"@type":"Article","@id":"https:\/\/www.reaas.cz\/rychle-hubnuti-jak-zatocit-s-nadvahou-i-obezitou\/","headline":"Rychl\u00e9 hubnut\u00ed \u2013 jak zato\u010dit s nadv\u00e1hou i obezitou","url":"https:\/\/www.reaas.cz\/rychle-hubnuti-jak-zatocit-s-nadvahou-i-obezitou\/","datePublished":"2019-04-19","dateModified":"2024-02-16","mainEntityOfPage":"https:\/\/www.reaas.cz\/rychle-hubnuti-jak-zatocit-s-nadvahou-i-obezitou\/","author":{"@type":"Person","@id":"https:\/\/www.reaas.cz\/author\/#Person","name":"","url":"https:\/\/www.reaas.cz\/author\/","identifier":1,"image":{"@type":"ImageObject","@id":"https:\/\/secure.gravatar.com\/avatar\/e5312f21b37eec0871f00feffaf403580ddf46c2d055479cc6723fb0100721f2?s=96&d=mm&r=g","url":"https:\/\/secure.gravatar.com\/avatar\/e5312f21b37eec0871f00feffaf403580ddf46c2d055479cc6723fb0100721f2?s=96&d=mm&r=g","height":96,"width":96}},"publisher":{"@type":"Organization","name":"reaas.cz","logo":{"@type":"ImageObject","@id":"\/logo.png","url":"\/logo.png","width":600,"height":60}},"image":{"@type":"ImageObject","@id":"https:\/\/www.reaas.cz\/wp-content\/uploads\/img_a346255_w1693_t1560234331.jpg","url":"https:\/\/www.reaas.cz\/wp-content\/uploads\/img_a346255_w1693_t1560234331.jpg","height":0,"width":0},"keywords":null},{"@type":"Article","@id":"https:\/\/www.reaas.cz\/jak-rychle-se-ujaly-v-nasich-domacnostech-led-zarovky-e27\/","headline":"Jak rychle se ujaly v na\u0161ich dom\u00e1cnostech LED \u017e\u00e1rovky E27","url":"https:\/\/www.reaas.cz\/jak-rychle-se-ujaly-v-nasich-domacnostech-led-zarovky-e27\/","datePublished":"2019-02-08","dateModified":"2023-05-03","mainEntityOfPage":"https:\/\/www.reaas.cz\/jak-rychle-se-ujaly-v-nasich-domacnostech-led-zarovky-e27\/","author":{"@type":"Person","@id":"https:\/\/www.reaas.cz\/author\/#Person","name":"","url":"https:\/\/www.reaas.cz\/author\/","identifier":1,"image":{"@type":"ImageObject","@id":"https:\/\/secure.gravatar.com\/avatar\/e5312f21b37eec0871f00feffaf403580ddf46c2d055479cc6723fb0100721f2?s=96&d=mm&r=g","url":"https:\/\/secure.gravatar.com\/avatar\/e5312f21b37eec0871f00feffaf403580ddf46c2d055479cc6723fb0100721f2?s=96&d=mm&r=g","height":96,"width":96}},"publisher":{"@type":"Organization","name":"reaas.cz","logo":{"@type":"ImageObject","@id":"\/logo.png","url":"\/logo.png","width":600,"height":60}},"image":{"@type":"ImageObject","@id":"https:\/\/www.reaas.cz\/wp-content\/uploads\/img_a340833_w1743_t1553689507.jpg","url":"https:\/\/www.reaas.cz\/wp-content\/uploads\/img_a340833_w1743_t1553689507.jpg","height":0,"width":0},"keywords":null},{"@type":"Article","@id":"https:\/\/www.reaas.cz\/v-laser-arene-zapomenete-na-starosti-vsednich-dnu\/","headline":"V laser ar\u00e9n\u011b zapomenete na starosti v\u0161edn\u00edch dn\u016f","url":"https:\/\/www.reaas.cz\/v-laser-arene-zapomenete-na-starosti-vsednich-dnu\/","datePublished":"2018-12-08","dateModified":"2024-02-01","mainEntityOfPage":"https:\/\/www.reaas.cz\/v-laser-arene-zapomenete-na-starosti-vsednich-dnu\/","author":{"@type":"Person","@id":"https:\/\/www.reaas.cz\/author\/#Person","name":"","url":"https:\/\/www.reaas.cz\/author\/","identifier":1,"image":{"@type":"ImageObject","@id":"https:\/\/secure.gravatar.com\/avatar\/e5312f21b37eec0871f00feffaf403580ddf46c2d055479cc6723fb0100721f2?s=96&d=mm&r=g","url":"https:\/\/secure.gravatar.com\/avatar\/e5312f21b37eec0871f00feffaf403580ddf46c2d055479cc6723fb0100721f2?s=96&d=mm&r=g","height":96,"width":96}},"publisher":{"@type":"Organization","name":"reaas.cz","logo":{"@type":"ImageObject","@id":"\/logo.png","url":"\/logo.png","width":600,"height":60}},"image":{"@type":"ImageObject","@id":"https:\/\/www.reaas.cz\/wp-content\/uploads\/img_a334404_w1704_t1548067829.jpg","url":"https:\/\/www.reaas.cz\/wp-content\/uploads\/img_a334404_w1704_t1548067829.jpg","height":0,"width":0},"keywords":null},{"@type":"Article","@id":"https:\/\/www.reaas.cz\/krasa-ktera-nezanikne\/","headline":"Kr\u00e1sa, kter\u00e1 nezanikne","url":"https:\/\/www.reaas.cz\/krasa-ktera-nezanikne\/","datePublished":"2018-11-19","dateModified":"2023-05-03","mainEntityOfPage":"https:\/\/www.reaas.cz\/krasa-ktera-nezanikne\/","author":{"@type":"Person","@id":"https:\/\/www.reaas.cz\/author\/#Person","name":"","url":"https:\/\/www.reaas.cz\/author\/","identifier":1,"image":{"@type":"ImageObject","@id":"https:\/\/secure.gravatar.com\/avatar\/e5312f21b37eec0871f00feffaf403580ddf46c2d055479cc6723fb0100721f2?s=96&d=mm&r=g","url":"https:\/\/secure.gravatar.com\/avatar\/e5312f21b37eec0871f00feffaf403580ddf46c2d055479cc6723fb0100721f2?s=96&d=mm&r=g","height":96,"width":96}},"publisher":{"@type":"Organization","name":"reaas.cz","logo":{"@type":"ImageObject","@id":"\/logo.png","url":"\/logo.png","width":600,"height":60}},"image":{"@type":"ImageObject","@id":"https:\/\/www.reaas.cz\/wp-content\/uploads\/img_a329743_w1693_t1542356809.jpg","url":"https:\/\/www.reaas.cz\/wp-content\/uploads\/img_a329743_w1693_t1542356809.jpg","height":0,"width":0},"keywords":null},{"@type":"Article","@id":"https:\/\/www.reaas.cz\/nebankovni-hypoteka\/","headline":"Nebankovn\u00ed hypot\u00e9ka","url":"https:\/\/www.reaas.cz\/nebankovni-hypoteka\/","datePublished":"2018-10-03","dateModified":"2023-05-03","mainEntityOfPage":"https:\/\/www.reaas.cz\/nebankovni-hypoteka\/","author":{"@type":"Person","@id":"https:\/\/www.reaas.cz\/author\/#Person","name":"","url":"https:\/\/www.reaas.cz\/author\/","identifier":1,"image":{"@type":"ImageObject","@id":"https:\/\/secure.gravatar.com\/avatar\/e5312f21b37eec0871f00feffaf403580ddf46c2d055479cc6723fb0100721f2?s=96&d=mm&r=g","url":"https:\/\/secure.gravatar.com\/avatar\/e5312f21b37eec0871f00feffaf403580ddf46c2d055479cc6723fb0100721f2?s=96&d=mm&r=g","height":96,"width":96}},"publisher":{"@type":"Organization","name":"reaas.cz","logo":{"@type":"ImageObject","@id":"\/logo.png","url":"\/logo.png","width":600,"height":60}},"image":{"@type":"ImageObject","@id":"https:\/\/www.reaas.cz\/wp-content\/uploads\/img_a327694_w1765_t1540014106.jpg","url":"https:\/\/www.reaas.cz\/wp-content\/uploads\/img_a327694_w1765_t1540014106.jpg","height":0,"width":0},"keywords":null}]}