[{"@context":"https:\/\/schema.org\/","@type":"Article","@id":"https:\/\/www.reaas.cz\/zajedte-si-sami-tam-kam-potrebujete\/#Article","mainEntityOfPage":"https:\/\/www.reaas.cz\/zajedte-si-sami-tam-kam-potrebujete\/","headline":"Zaje\u010fte si sami, tam kam pot\u0159ebujete","name":"Zaje\u010fte si sami, tam kam pot\u0159ebujete","description":"U\u017e jste se rozhodli ud\u011blat si auto\u0161kolu? Pokud va\u0161e odpov\u011b\u010f zn\u00ed ano, pak v\u00e1m nab\u00edz\u00edme: p\u0159ij\u010fte si ji ud\u011blat k n\u00e1m. Pomoc\u00ed na\u0161ich zku\u0161en\u00fdch instruktor\u016f &hellip; ","datePublished":"2025-04-06","dateModified":"2025-04-06","author":{"@type":"Person","@id":"https:\/\/www.reaas.cz\/author\/#Person","name":"","url":"https:\/\/www.reaas.cz\/author\/","identifier":1,"image":{"@type":"ImageObject","@id":"https:\/\/secure.gravatar.com\/avatar\/e5312f21b37eec0871f00feffaf403580ddf46c2d055479cc6723fb0100721f2?s=96&d=mm&r=g","url":"https:\/\/secure.gravatar.com\/avatar\/e5312f21b37eec0871f00feffaf403580ddf46c2d055479cc6723fb0100721f2?s=96&d=mm&r=g","height":96,"width":96}},"publisher":{"@type":"Organization","name":"reaas.cz","logo":{"@type":"ImageObject","@id":"\/logo.png","url":"\/logo.png","width":600,"height":60}},"url":"https:\/\/www.reaas.cz\/zajedte-si-sami-tam-kam-potrebujete\/","wordCount":186,"articleBody":"U\u017e jste se rozhodli ud\u011blat si auto\u0161kolu? Pokud va\u0161e odpov\u011b\u010f zn\u00ed ano, pak v\u00e1m nab\u00edz\u00edme: p\u0159ij\u010fte si ji ud\u011blat k n\u00e1m. Pomoc\u00ed na\u0161ich zku\u0161en\u00fdch instruktor\u016f se z v\u00e1s stanou klidn\u00ed a kvalitn\u00ed \u0159idi\u010di, kte\u0159\u00ed zvl\u00e1dnou i slo\u017eit\u00e9 dopravn\u00ed situace. Auto\u0161kola Brno je p\u0159ipravena v\u00e1s p\u0159ijat. D\u00e9lka kurzu \u010din\u00ed 6 a\u017e 8 t\u00fddn\u016f, nejkrat\u0161\u00ed mo\u017en\u00e1 doba pak jsou 3 t\u00fddny. Kurz se skl\u00e1d\u00e1 z teoretick\u00e9 a praktick\u00e9 \u010d\u00e1sti. D\u00e9lka cel\u00e9ho kurzu \u010din\u00ed 6 a\u017e 8 t\u00fddn\u016f, nejkrat\u0161\u00ed mo\u017en\u00e1 doba pak jsou 3 t\u00fddny od zah\u00e1jen\u00ed kurzu. Celkov\u00e1 d\u00e9lka kurzu z\u00e1vis\u00ed na rozhodnut\u00ed ka\u017ed\u00e9ho \u017e\u00e1ka, v jak\u00e9m sledu si sjedn\u00e1 sv\u00e9 praktick\u00e9 j\u00edzdy. Nemus\u00edte se ni\u010deho ob\u00e1vat, po celou dobu kurzu bude ka\u017ed\u00fd z v\u00e1s pod dohledem zku\u0161en\u00e9ho instruktora. Auto\u0161kola Praha na v\u00e1\u0161 \u010dek\u00e1. Individu\u00e1ln\u00ed p\u0159\u00edstup Na\u0161i instrukto\u0159i maj\u00ed ke sv\u00fdm \u017e\u00e1k\u016fm individu\u00e1ln\u00ed p\u0159\u00edstup. Auto\u0161kola Brno v\u00e1s nezklame.                                                                                                                                                                                                                                                                                                                                                                                                "},{"@context":"https:\/\/schema.org\/","@type":"BreadcrumbList","itemListElement":[{"@type":"ListItem","position":1,"name":"Zaje\u010fte si sami, tam kam pot\u0159ebujete","item":"https:\/\/www.reaas.cz\/zajedte-si-sami-tam-kam-potrebujete\/#breadcrumbitem"}]}]